{"id":953,"date":"2007-06-26T19:31:03","date_gmt":"2007-06-26T18:31:03","guid":{"rendered":"http:\/\/www.nina-jaeger.de\/blog\/?p=953"},"modified":"2010-12-21T02:25:12","modified_gmt":"2010-12-21T01:25:12","slug":"sieben-jahre","status":"publish","type":"post","link":"http:\/\/www.nina-jaeger.de\/blog\/?p=953","title":{"rendered":"Sieben Jahre"},"content":{"rendered":"<p>Heute war Abistreich. Nicht allzu interessant, aber wir durften eine Stunde fr\u00fcher nach Hause. Mein Schwester wollte mit ein paar ihrer Freunde ihre ehemaligen Grundschullehrerinnen besuchen, da habe ich mich einmal spontan an ihre Fersen geklettet.<\/p>\n<p>ich habe die Grundschule vor sieben Jahren verlassen. ich h\u00e4tte gesagt, dass sieben Jahre praktisch <em>nichts<\/em> sind, vor sieben Jahren hatten wir das Jahr 2000 und schon alleine, weil es die jahreszehl mit einer Zwei beginnt <em>kann<\/em> das noch gar nicht solange her sein. Wahrscheinlich h\u00e4tte ich meine ehemalige Grundschule nicht wiedererkannt, wenn mir nicht jemand gesagt h\u00e4tte, dass sie das ist.<\/p>\n<p>Als ich in die erste Klasse kam, war alles noch so, wie es vermutlich an der Schule Jahrzehnte vorher auch schon gewesen ist. Wir  mussten uns zum Singen um das Klavier stellen, sollten auf dem Klassenfoto m\u00f6glichts mit Kleidern zu sehen sein. wir hatten einen Holzboden, in den Klassenzimmern sowie auch in der Turnhalle. Es gab eine Eselsbank und man musste sich in die Ecke stellen, wenn man geschw\u00e4tzt hat. wir waren eine sehr disziplinierte Grundschule. Wir hatten ein strenges handarbeitsfr\u00e4ulin, mit Haarknoten und Trachtenklamotten.  Am Ende der Pause musste sich jede Klasse in Reih und Glied an einen auf dem Asphalt gemalten Streifen stellen, bis die Lehrerin einen Abgeholt hat. Es gab ein Nikolaus- und ein Erntedankfest, vier Adventsfeiern, zwei Bundesjugendspiele im Jahr und \u00fcberhaupt lief keine &#8222;Zeremonie&#8220; ohne die bayrische Hymne ab.<\/p>\n<p>So war das. als ich in der zweiten klasse war, haben sie angefangen, zu revolitionieren. Der Pausenhof wurde umgestaltet, sie haben eine &#8222;Ruhezone&#8220; gebaut. und sie haben den Kellergang zu den Turnhallen bemalt. Viel mehr hat sich in meinen Grundschuljahren nicht ver\u00e4ndert. Aber danach. Jeder, der zu meiner Zeit irgendetwas zu sagen hatte, ist in Rente. Vom Direktor \u00fcber die Sekret\u00e4rin zum Hausmeister. Sie haben jetzt einen Anbau und einen Container, einen Aufzug und ein Windspiel.<\/p>\n<p><img loading=\"lazy\" id=\"image161\" src=\"http:\/\/www.nina-jaeger.de\/wordpress\/wordpress\/wp-content\/uploads\/2007\/06\/phs_01.jpg\" alt=\"phs_01.jpg\" width=\"450\" height=\"179\" \/><\/p>\n<p>Das war dasErste, was ich heute sah. Das hatte ich nicht erwartet. Was ich erwartet hatte, war ein seperater Raum mit dunklen Holzb\u00e4nken an der Seite (wie in einer kirche) und dar\u00fcber die sch\u00f6nen &#8222;Lehrer geht mit Rohrstock durch die Reihen&#8220;-Bildchen. Das war immer ein finsterer Raum. Die Elten h\u00e4tten dort auf ihre Kinder warten sollen, taten es aber nie. Und die Kinder, die fanden die Rohrstockbildchen weniger h\u00fcbsch. Ich fand die Rohrstock-Kirchenbank-Atmosph\u00e4re spannend. Ich hatte mich auf sie gefreut. Aber es gab nur noch M\u00f6belhausoptik. Und die gr\u00fcnen k\u00e4sten mit den ausgestopften Tierchen standen fr\u00fcher auch woanders.<\/p>\n<p><img loading=\"lazy\" id=\"image162\" src=\"http:\/\/www.nina-jaeger.de\/wordpress\/wordpress\/wp-content\/uploads\/2007\/06\/phs_02.jpg\" alt=\"phs_02.jpg\" width=\"400\" height=\"300\" \/><\/p>\n<p>Das Zweite, was ich sah. Das erste Klassenzimmer links, da war ich in der ersten und zweiten Klasse. Meine Lehrerin ist schon lange in Rente. Es ist ja nicht so, dass sie gerade erst weggegangen ist. Aber es sieh ein bisschen gestorben hinter der Glast\u00fcr aus. Kein Wunder, wenn das Betreten verboten ist. Aber man kann nicht einmal nachvollziehen, was sie da umbauen.<\/p>\n<p><img loading=\"lazy\" id=\"image167\" src=\"http:\/\/www.nina-jaeger.de\/wordpress\/wordpress\/wp-content\/uploads\/2007\/06\/phs_07.jpg\" alt=\"phs_07.jpg\" width=\"400\" height=\"300\" \/><\/p>\n<p>Treppenhaus. Rechts steht zwar immernoch der alte Maibaum mit Sch\u00fclerbildern, aber der Rest ist verschwunden. Man sieht noch sch\u00f6n die Flecken, wo fr\u00fcher diese Schauk\u00e4stenbildchen hingen. Wir hatten davon so viele, wie ich nie mehr woanders gesehen habe. wir hatten alles vom Bild &#8222;Rohstoffe&#8220; (mit kleinen Rohstoffst\u00fcckche) bis zum bild &#8222;Giftige Wiesenpfalnzen&#8220; (mit getrockneten giftigen Wiesenpflanzen). Die Bilder waren schon zu meiner Zeit verstaubt und veraltet, aber man lie\u00df sie h\u00e4ngen. meine Schwester kennt sie auch nocht gut, also m\u00fcssen die erst k\u00fcrzlich abgemacht worden sein.<\/p>\n<p><img loading=\"lazy\" id=\"image168\" src=\"http:\/\/www.nina-jaeger.de\/wordpress\/wordpress\/wp-content\/uploads\/2007\/06\/phs_08.jpg\" alt=\"phs_08.jpg\" width=\"400\" height=\"300\" \/><\/p>\n<p>&#8222;Oh, ein Gang wie fr\u00fcher!&#8220;, dachte ich mir da. Aber es gibt keinen unbelassenen gang mehr. Dieser hat weiter hinten einen Aufzug und den Zugang zum Anbau.<\/p>\n<p><img loading=\"lazy\" id=\"image170\" src=\"http:\/\/www.nina-jaeger.de\/wordpress\/wordpress\/wp-content\/uploads\/2007\/06\/phs_10.jpg\" alt=\"phs_10.jpg\" width=\"400\" height=\"300\" \/><\/p>\n<p>Anbau, sehr toll architektisch und mit allem, was der Sch\u00fcler von heute so braucht, sprich Mittagsbetreuung und solchen Spa\u00df. Allerdings stand da einiges an R\u00e4umen leer. Aber gut, auch einmal eine andere Situation.<\/p>\n<p><img loading=\"lazy\" id=\"image169\" src=\"http:\/\/www.nina-jaeger.de\/wordpress\/wordpress\/wp-content\/uploads\/2007\/06\/phs_09.jpg\" alt=\"phs_09.jpg\" width=\"400\" height=\"300\" \/><\/p>\n<p>Die vermutlich letzte ganz originale T\u00fcr (man beachte die sch\u00f6ne Klinke). Daneben die Stecktafel mit Raumnummer und so weiter. Das war das einzige, was sie noch \u00fcberall hatten, die Stecktafel. Sch\u00f6n, ich w\u00e4re verzweifelt, wenn die Stecktafeln weg gewesen w\u00e4ren.<\/p>\n<p><img loading=\"lazy\" id=\"image166\" src=\"http:\/\/www.nina-jaeger.de\/wordpress\/wordpress\/wp-content\/uploads\/2007\/06\/phs_06.jpg\" alt=\"phs_06.jpg\" width=\"400\" height=\"300\" \/><\/p>\n<p>Schulhof in Parkplatzoptik. (Und jetzt mit Rollstuhlauffahrt) Fr\u00fcher war der Asphalt voll mit H\u00fcpfk\u00e4stchen, die gr\u00f6\u00dfenteils schon recht &#8222;abgeh\u00fcpft&#8220; waren und kaum mehr zu erkennen. Ich frage mich, ob die sowas wieder malen.. aber wahrscheinlich interessiert sich jetzt niemand mehr daf\u00fcr. &#8222;Gummitwist&#8220; sagt ja schon keinem mehr was.<\/p>\n<p><img loading=\"lazy\" id=\"image163\" src=\"http:\/\/www.nina-jaeger.de\/wordpress\/wordpress\/wp-content\/uploads\/2007\/06\/phs_03.jpg\" alt=\"phs_03.jpg\" width=\"400\" height=\"300\" \/><\/p>\n<p>Anbau. Wie gesagt, sehr architektisch. und man hat wieder einem arbeitlosen Fensterputzer geholfen. Fr\u00fcher war an der Stelle ein rostiger Fahrradst\u00e4nder.. und weitere H\u00fcpfspielchen.<\/p>\n<p><img loading=\"lazy\" id=\"image165\" src=\"http:\/\/www.nina-jaeger.de\/wordpress\/wordpress\/wp-content\/uploads\/2007\/06\/phs_05.jpg\" alt=\"phs_05.jpg\" width=\"400\" height=\"300\" \/><\/p>\n<p>Letzte Spuren von dem, wie die Schule aussah, als ich hinging. Das war einer der Streifen, an dem man sich zum Pausenende anstellen musste. B\u00e4nkle und Busch sind neu. Und vermutlich wei\u00df niemand mehr, wozu der Streifen einmal da war.<\/p>\n<p>Ich bin ein bisschen angefressen. Ich bin neidisch, wenn meine Mutter sagen kann, dass die Schule auf der Schanz immernoch so aussieht, wie damals, als sie hinging. (Sie sieht auch immer glaich aus, wenn wir vorbeifahren.) Alle erz\u00e4hlen, ihre Grundschulen seien immer noch &#8222;genauso&#8220;, weil man an Grundschulen nicht herumbaut. und meine Grundschule schaut nicht einmal nach nur sieben Jahren noch ansatzweise gleich aus. Ich k\u00f6nnte erz\u00e4hlen, dass im Gang zu den Turnhallen, zum Dschungel, der dort gemalt ist, zu dem habe ich die zwei Faultiere, den Papageien und den Lemur beigetragen. Ich war sehr stolz, weil den Papageien jeder ganz toll fand und niemand kapiert hat, was das Tier mit dem gestreifen Schwanz hinter der T\u00fcr war. Der Gang wird jetzt nicht mehr benutzt.<\/p>\n<p>Man f\u00fchlt sich ein bisschen ausgerottet. Ich stolpere in jeder zweiten Toilettenkabine an unserer Schule \u00fcber von Klassenkameraden in der Unterstufe hinterlassene Schmierereien und in meiner alten Schule sind nicht einmal die ausgestopften Tiere mehr da, wo sie waren. Und es sind nur sieben Jahre.<\/p>\n","protected":false},"excerpt":{"rendered":"<p>Heute war Abistreich. Nicht allzu interessant, aber wir durften eine Stunde fr\u00fcher nach Hause. Mein Schwester wollte mit ein paar ihrer Freunde ihre ehemaligen Grundschullehrerinnen besuchen, da habe ich mich einmal spontan an ihre Fersen geklettet. ich habe die Grundschule vor sieben Jahren verlassen. ich h\u00e4tte gesagt, dass sieben Jahre praktisch nichts sind, vor sieben [&hellip;]<\/p>\n","protected":false},"author":1,"featured_media":0,"comment_status":"open","ping_status":"open","sticky":false,"template":"","format":"standard","meta":[],"categories":[1],"tags":[],"_links":{"self":[{"href":"http:\/\/www.nina-jaeger.de\/blog\/index.php?rest_route=\/wp\/v2\/posts\/953"}],"collection":[{"href":"http:\/\/www.nina-jaeger.de\/blog\/index.php?rest_route=\/wp\/v2\/posts"}],"about":[{"href":"http:\/\/www.nina-jaeger.de\/blog\/index.php?rest_route=\/wp\/v2\/types\/post"}],"author":[{"embeddable":true,"href":"http:\/\/www.nina-jaeger.de\/blog\/index.php?rest_route=\/wp\/v2\/users\/1"}],"replies":[{"embeddable":true,"href":"http:\/\/www.nina-jaeger.de\/blog\/index.php?rest_route=%2Fwp%2Fv2%2Fcomments&post=953"}],"version-history":[{"count":2,"href":"http:\/\/www.nina-jaeger.de\/blog\/index.php?rest_route=\/wp\/v2\/posts\/953\/revisions"}],"predecessor-version":[{"id":955,"href":"http:\/\/www.nina-jaeger.de\/blog\/index.php?rest_route=\/wp\/v2\/posts\/953\/revisions\/955"}],"wp:attachment":[{"href":"http:\/\/www.nina-jaeger.de\/blog\/index.php?rest_route=%2Fwp%2Fv2%2Fmedia&parent=953"}],"wp:term":[{"taxonomy":"category","embeddable":true,"href":"http:\/\/www.nina-jaeger.de\/blog\/index.php?rest_route=%2Fwp%2Fv2%2Fcategories&post=953"},{"taxonomy":"post_tag","embeddable":true,"href":"http:\/\/www.nina-jaeger.de\/blog\/index.php?rest_route=%2Fwp%2Fv2%2Ftags&post=953"}],"curies":[{"name":"wp","href":"https:\/\/api.w.org\/{rel}","templated":true}]}}