{"id":94,"date":"2007-01-18T21:31:02","date_gmt":"2007-01-18T19:31:02","guid":{"rendered":"http:\/\/www.nina-jaeger.de\/wordpress\/wordpress\/?p=94"},"modified":"2007-01-18T21:31:02","modified_gmt":"2007-01-18T19:31:02","slug":"orkanfrei-ii","status":"publish","type":"post","link":"http:\/\/www.nina-jaeger.de\/blog\/?p=94","title":{"rendered":"Orkanfrei II"},"content":{"rendered":"<p>Es ist 20:00 und die Fensterscheiben sind noch drin. bis jetzt fand ich den Sturm vor einigen Wochen schlimmer, aber ich will ja den Kyrill nicht untersch\u00e4tzen. Man wei\u00df nie, was noch kommt.<\/p>\n<p>Deshalb f\u00e4llt morgen auch die Schule aus. Ja, die Schule f\u00e4llt aus!<\/p>\n<p>Ich habe vorhin gerade eine Mail an die ganze Klasse geschrieben. Eine recht \u00fcberfl\u00fcssige Aktion, weil die, die oft ihre Mails kontollieren, das ohnehin schon aus dem Internet wissen m\u00fcssten und der Rest k\u00fcmmert sich nicht um seine Post. Sehr schade. Aber jemand muss\/sollte das schon machen und da ich den ganzen Unterrichts\u00e4nderungsinformationskram ohnehin immer mache, war das ganz naheliegend. (Eigentlich sind wir zu zweit. Eigentlich. Ein typisches Beispiel von Pseudoteamarbeit.)<\/p>\n<p>Die Schule f\u00e4llt also aus. Zumindest f\u00fcr Sch\u00fcler. Das Kultusministerium hat in seiner sehr allgemeinen Formulierung zu Schulausfall wegen des Wetters stehen, dass Lehrer trotzdem in die Schule kommen m\u00fcssen, falls denn Sch\u00fcler kommen w\u00fcrden. (Hm. Theoretisch br\u00e4uchte es nur eine nette Rundmail von oben uns Internet f\u00fcr alle und keiner w\u00fcrde kommen.)<\/p>\n<p>Ich freue mich jetzt gar nicht so wahnsinnig \u00fcber den Ausfall. Morgen w\u00e4re nicht viel los gewesen. Aber frei zu haben ist nat\u00fcrlich immer netter, obwohl es nicht direkt der Freitag h\u00e4tte sein m\u00fcssen. Wer soll uns denn jetzt \u00fcber die gro\u00dfen Geheimnisse Ungarns erz\u00e4hlen?<\/p>\n<p>PS S\u00e4mtliche &#8222;Events&#8220; werden aufgeschoben, und zwar auf unbestimmte Zeit. Wir haben noch Probleme mit den Merchandisingaktikeln.<\/p>\n<p>PPS Ich w\u00fcrde mich freuen, wenigstens eine Antwort auf meine sch\u00f6ne Mail zu bekommen. Antworten sind sch\u00f6n. Bedanken kann man sich im \u00fcbrigen auch f\u00fcr Weihnachtsgeschenke. Pakete und so. (Ich bin scheinbar gerade schlecht gelaunt. Endschuldigung.)<\/p>\n","protected":false},"excerpt":{"rendered":"<p>Es ist 20:00 und die Fensterscheiben sind noch drin. bis jetzt fand ich den Sturm vor einigen Wochen schlimmer, aber ich will ja den Kyrill nicht untersch\u00e4tzen. Man wei\u00df nie, was noch kommt. Deshalb f\u00e4llt morgen auch die Schule aus. Ja, die Schule f\u00e4llt aus! Ich habe vorhin gerade eine Mail an die ganze Klasse [&hellip;]<\/p>\n","protected":false},"author":1,"featured_media":0,"comment_status":"open","ping_status":"open","sticky":false,"template":"","format":"standard","meta":[],"categories":[1],"tags":[],"_links":{"self":[{"href":"http:\/\/www.nina-jaeger.de\/blog\/index.php?rest_route=\/wp\/v2\/posts\/94"}],"collection":[{"href":"http:\/\/www.nina-jaeger.de\/blog\/index.php?rest_route=\/wp\/v2\/posts"}],"about":[{"href":"http:\/\/www.nina-jaeger.de\/blog\/index.php?rest_route=\/wp\/v2\/types\/post"}],"author":[{"embeddable":true,"href":"http:\/\/www.nina-jaeger.de\/blog\/index.php?rest_route=\/wp\/v2\/users\/1"}],"replies":[{"embeddable":true,"href":"http:\/\/www.nina-jaeger.de\/blog\/index.php?rest_route=%2Fwp%2Fv2%2Fcomments&post=94"}],"version-history":[{"count":0,"href":"http:\/\/www.nina-jaeger.de\/blog\/index.php?rest_route=\/wp\/v2\/posts\/94\/revisions"}],"wp:attachment":[{"href":"http:\/\/www.nina-jaeger.de\/blog\/index.php?rest_route=%2Fwp%2Fv2%2Fmedia&parent=94"}],"wp:term":[{"taxonomy":"category","embeddable":true,"href":"http:\/\/www.nina-jaeger.de\/blog\/index.php?rest_route=%2Fwp%2Fv2%2Fcategories&post=94"},{"taxonomy":"post_tag","embeddable":true,"href":"http:\/\/www.nina-jaeger.de\/blog\/index.php?rest_route=%2Fwp%2Fv2%2Ftags&post=94"}],"curies":[{"name":"wp","href":"https:\/\/api.w.org\/{rel}","templated":true}]}}