{"id":922,"date":"2009-01-24T20:10:55","date_gmt":"2009-01-24T19:10:55","guid":{"rendered":"http:\/\/www.nina-jaeger.de\/wordpress\/wordpress\/?p=574"},"modified":"2009-01-24T20:10:55","modified_gmt":"2009-01-24T19:10:55","slug":"langweilig-sein-stinkt","status":"publish","type":"post","link":"http:\/\/www.nina-jaeger.de\/blog\/?p=922","title":{"rendered":"Langweilig sein stinkt"},"content":{"rendered":"<p>Gerade bin ich dabei, meiner Stufe zu erz\u00e4hlen, dass der Abistreich <em>anders<\/em> werden muss als die Jahre davor. Und mit &#8222;anders&#8220; meine ich folgendes: anders. (Genauere Pl\u00e4ne k\u00f6nnen selbstverst\u00e4ndlich nicht beschrieben werden.)<br \/>\nNein, sagt die Mehrheit, das machen wir nicht. <em>Warum sollten wir irgendetwas anders machen als die Menschen vor uns?<\/em><br \/>\nSagt die Mehrheit.<\/p>\n<p>Mich langweilt die Mehrheit. Die Abizeitungsredaktion hat sich schon meinem Revolutionswillen gebeugt (allerdings nur bis zu einem gewissen Grad. Von der richtig gro\u00dfen Ver\u00e4nderung erfahren sie erst n\u00e4chsten Freitag. Die werden mich zermatschen. Oder auch nicht, weil sie das Layout gar nicht interessiert.)<\/p>\n<p><a href=\"http:\/\/www.hurra-blog.de\/2009\/01\/24\/aint-no-other-13\/\" target=\"_blank\">Warum es sich lohnt, nicht langweilig zu sein. <\/a><\/p>\n<p>Nur einmal so als Beispiel.<\/p>\n<p>(Ich glaube ja immer noch nicht, dass es gut gehen wird, wenn wir in n\u00e4chster Zeit versuchen werden, eine ganze Stufe zu einer Nachmittagsaktivit\u00e4t zu bringen. Gibt es da irgendwelche Rezepte? Kuchen, Kekse und Gummib\u00e4rchen funktionieren nicht, habe ich schon probiert.)<\/p>\n","protected":false},"excerpt":{"rendered":"<p>Gerade bin ich dabei, meiner Stufe zu erz\u00e4hlen, dass der Abistreich anders werden muss als die Jahre davor. Und mit &#8222;anders&#8220; meine ich folgendes: anders. (Genauere Pl\u00e4ne k\u00f6nnen selbstverst\u00e4ndlich nicht beschrieben werden.) Nein, sagt die Mehrheit, das machen wir nicht. Warum sollten wir irgendetwas anders machen als die Menschen vor uns? Sagt die Mehrheit. Mich [&hellip;]<\/p>\n","protected":false},"author":1,"featured_media":0,"comment_status":"open","ping_status":"open","sticky":false,"template":"","format":"standard","meta":[],"categories":[1],"tags":[29],"_links":{"self":[{"href":"http:\/\/www.nina-jaeger.de\/blog\/index.php?rest_route=\/wp\/v2\/posts\/922"}],"collection":[{"href":"http:\/\/www.nina-jaeger.de\/blog\/index.php?rest_route=\/wp\/v2\/posts"}],"about":[{"href":"http:\/\/www.nina-jaeger.de\/blog\/index.php?rest_route=\/wp\/v2\/types\/post"}],"author":[{"embeddable":true,"href":"http:\/\/www.nina-jaeger.de\/blog\/index.php?rest_route=\/wp\/v2\/users\/1"}],"replies":[{"embeddable":true,"href":"http:\/\/www.nina-jaeger.de\/blog\/index.php?rest_route=%2Fwp%2Fv2%2Fcomments&post=922"}],"version-history":[{"count":0,"href":"http:\/\/www.nina-jaeger.de\/blog\/index.php?rest_route=\/wp\/v2\/posts\/922\/revisions"}],"wp:attachment":[{"href":"http:\/\/www.nina-jaeger.de\/blog\/index.php?rest_route=%2Fwp%2Fv2%2Fmedia&parent=922"}],"wp:term":[{"taxonomy":"category","embeddable":true,"href":"http:\/\/www.nina-jaeger.de\/blog\/index.php?rest_route=%2Fwp%2Fv2%2Fcategories&post=922"},{"taxonomy":"post_tag","embeddable":true,"href":"http:\/\/www.nina-jaeger.de\/blog\/index.php?rest_route=%2Fwp%2Fv2%2Ftags&post=922"}],"curies":[{"name":"wp","href":"https:\/\/api.w.org\/{rel}","templated":true}]}}