{"id":92,"date":"2007-01-18T14:55:41","date_gmt":"2007-01-18T12:55:41","guid":{"rendered":"http:\/\/www.nina-jaeger.de\/wordpress\/wordpress\/?p=92"},"modified":"2007-01-18T14:55:41","modified_gmt":"2007-01-18T12:55:41","slug":"orkanfrei","status":"publish","type":"post","link":"http:\/\/www.nina-jaeger.de\/blog\/?p=92","title":{"rendered":"Orkanfrei"},"content":{"rendered":"<p>Oh, ich bin schon an meinem PC, obwohl es erst Mittag ist. Habe ich ertwa Informatik? Nein, ich habe nicht Informatik (Hatte ich aber heute. Weniger langweilig als sonst. Aber eigentlich wollten wir ohnehin fl\u00fcchten, den Computerraum daneben\u00a0plus Inhalt besichtigen, aber dann sagte die Anna, ich h\u00e4tte mich wahrscheinlich nur verh\u00f6rt und darum haben wir das mit dem legalen Fl\u00fcchten gelassen.)\u00a0<\/p>\n<p>Ich habe &#8222;Sturmfrei&#8220;, oder auch &#8222;Orkanfrei&#8220;, weil &#8222;Sturmfrei&#8220; zweideutig ist.\u00b4<\/p>\n<p>\u00a0<img loading=\"lazy\" id=\"image93\" height=\"204\" alt=\"orkanfrei2.jpg\" src=\"http:\/\/www.nina-jaeger.de\/wordpress\/wordpress\/wp-content\/uploads\/2007\/01\/orkanfrei2.jpg\" width=\"450\" \/><\/p>\n<p>(Durchsage von heute. H\u00e4sslicher Zusdammenschnitt der wirkliche dramatischen Teile der Durchsage. Fotografiert mit einem digitalen Speichermedium auf dem Schulgel\u00e4nde. Und dann auch noch zu nicht schulischen Zwecken. Ich sollte mich sch\u00e4men. Und dann ist es noch so h\u00e4sslich verzerrt.. ich werde den originalen Zettel entwenden, wenn er nicht mehr g\u00fcltig ist.)<\/p>\n<p>Das ist noch besser als Schneefrei. Und ich h\u00e4tte ja tats\u00e4chlich nur drei Nachmittagsstunden gehabt, andere sogar vier.<\/p>\n<p>So, wahrscheinlich schaut es nachher m\u00f6glicherweise nicht mehr so gut aus mit Strom, also habe ich mich extra beeilt. (Normalerweise mache ich nichts vor meinem Mittagessen.)<\/p>\n","protected":false},"excerpt":{"rendered":"<p>Oh, ich bin schon an meinem PC, obwohl es erst Mittag ist. Habe ich ertwa Informatik? Nein, ich habe nicht Informatik (Hatte ich aber heute. Weniger langweilig als sonst. Aber eigentlich wollten wir ohnehin fl\u00fcchten, den Computerraum daneben\u00a0plus Inhalt besichtigen, aber dann sagte die Anna, ich h\u00e4tte mich wahrscheinlich nur verh\u00f6rt und darum haben wir [&hellip;]<\/p>\n","protected":false},"author":1,"featured_media":0,"comment_status":"open","ping_status":"open","sticky":false,"template":"","format":"standard","meta":[],"categories":[1],"tags":[],"_links":{"self":[{"href":"http:\/\/www.nina-jaeger.de\/blog\/index.php?rest_route=\/wp\/v2\/posts\/92"}],"collection":[{"href":"http:\/\/www.nina-jaeger.de\/blog\/index.php?rest_route=\/wp\/v2\/posts"}],"about":[{"href":"http:\/\/www.nina-jaeger.de\/blog\/index.php?rest_route=\/wp\/v2\/types\/post"}],"author":[{"embeddable":true,"href":"http:\/\/www.nina-jaeger.de\/blog\/index.php?rest_route=\/wp\/v2\/users\/1"}],"replies":[{"embeddable":true,"href":"http:\/\/www.nina-jaeger.de\/blog\/index.php?rest_route=%2Fwp%2Fv2%2Fcomments&post=92"}],"version-history":[{"count":0,"href":"http:\/\/www.nina-jaeger.de\/blog\/index.php?rest_route=\/wp\/v2\/posts\/92\/revisions"}],"wp:attachment":[{"href":"http:\/\/www.nina-jaeger.de\/blog\/index.php?rest_route=%2Fwp%2Fv2%2Fmedia&parent=92"}],"wp:term":[{"taxonomy":"category","embeddable":true,"href":"http:\/\/www.nina-jaeger.de\/blog\/index.php?rest_route=%2Fwp%2Fv2%2Fcategories&post=92"},{"taxonomy":"post_tag","embeddable":true,"href":"http:\/\/www.nina-jaeger.de\/blog\/index.php?rest_route=%2Fwp%2Fv2%2Ftags&post=92"}],"curies":[{"name":"wp","href":"https:\/\/api.w.org\/{rel}","templated":true}]}}