{"id":900,"date":"2009-10-20T20:53:31","date_gmt":"2009-10-20T18:53:31","guid":{"rendered":"http:\/\/www.nina-jaeger.de\/wordpress\/wordpress\/?p=799"},"modified":"2009-10-20T20:53:31","modified_gmt":"2009-10-20T18:53:31","slug":"mein-abijahrgang-ein-paar-monate-spater","status":"publish","type":"post","link":"http:\/\/www.nina-jaeger.de\/blog\/?p=900","title":{"rendered":"Mein Abijahrgang, ein paar Monate sp\u00e4ter"},"content":{"rendered":"<p>Hier einmal der Versuch einer Liste, wer jetzt wo ist. Die ist \u00fcberhaupt nicht offiziell und basiert nur auf Gerede, keine Garantie, dass das alles stimmt, aber es ist vielleicht einmal ganz interessant, wo denn jetzt alle letztendlich hingegangen sind. Logischerweise wei\u00df ich von den M\u00e4dchen sehr viel, die Jungs machen im Zweifelfall irgendwo Zivi oder sind beim Bund. Wer wei\u00df. Diese Liste enth\u00e4lt \u00fcbrigens nur Vor- oder Spitznamen, schlie\u00dflich verstehen das die, die es interessiert, dem Rest der Welt d\u00fcrfte das allgemeine Spektrum reichen.<\/p>\n<p><strong>Egga<\/strong> macht eine Ausbildung zur Kinderkrankenschwester, wohnt in einem Schwesternwohnheim in M\u00fcnchen.<br \/>\n<strong>Rike<\/strong> studiert Franz\u00f6sisch und Spanisch an der LMU.<br \/>\n<strong>Lena<\/strong> arbeitet derzeit bei einem Physiotherapeuten.<br \/>\n<strong>Ana<\/strong> studiert Wirtschaftwissenschaften in Passau<br \/>\n<strong>Julia B.<\/strong> arbeitet derzeit in \u00c4gypten.<br \/>\n<strong>Minnie<\/strong> studiert..<br \/>\n<strong>Tobi D.<\/strong> studiert Physik an der LMU.<br \/>\n<strong>Dani D.<\/strong> studiert auf Lehramt.. in M\u00fcnchen?<br \/>\n<strong>Laura<\/strong> studiert Jura an der LMU.<br \/>\n<strong>Jana<\/strong> studiert Medizin an der LMU. (?)<br \/>\n<strong>Steffi E.<\/strong> wollte Germanistik studieren, macht jetzt eine Ausbildung zur Buchh\u00e4ndlerin am Gasteig.<br \/>\n<strong>Valli<\/strong> studiert Modejournalismus\/Medienkommunikation an der AMD in M\u00fcnchen.<br \/>\n<strong>Carina<\/strong> macht Praktika, zum Beispiel bei Caritas und in der Stadtbibliothek.<br \/>\n<strong>Chrissi<\/strong> macht derzeit ein Praktikum bei einer Kost\u00fcmdesignerin in K\u00f6ln.<br \/>\n<strong>Evy<\/strong> studiert auf Lehramt in Augsburg.<br \/>\n<strong>Sophie<\/strong> studiert European Economic Studies in Bamberg.<br \/>\n<strong>Eva<\/strong> studiert Englisch und Sport auf Lehramt in Augsburg.<br \/>\n<strong>Lisi<\/strong> hat in Frankreich Wein geerntet und auf der Wiesn gearbeitet und will demn\u00e4chst nach Australien und Neuseeland reisen.<br \/>\n<strong>Susu<\/strong> macht ein FSJ in einem Heim f\u00fcr geistig behinderte M\u00e4nne im Elsa\u00df.<br \/>\n<strong>Alice<\/strong> studiert Wirtschaftsinformatik an der TU.<br \/>\n<strong>Tobi H.<\/strong> studiert VWL an der LMU.<br \/>\n<strong>Caro <\/strong>arbeitet, (will Eventmanagement studieren?)<br \/>\n<strong>Andi H. <\/strong>macht seinen Zivi im Klinikum Gro\u00dfhadern, und zwar einem Labor f\u00fcr regenerative Medizin. Das ist da, wo sie die M\u00e4use haben.<br \/>\n<strong>Dani H.<\/strong> m\u00f6chte n\u00e4chstes Jahr Internationale Beziehungen in Dresden studieren, spielt demn\u00e4chst Klavier in der Neuen B\u00fchne Bruck<br \/>\n<strong>Lusi <\/strong>studiert Physik an der LMU.<br \/>\n<strong>Luke<\/strong> macht eine Ausbildung zum Fotografen.<br \/>\n<strong>Paddy<\/strong> studiert Physik an der LMU.<br \/>\n<strong>Ralph<\/strong> mach Zivi.<br \/>\n<strong>Ich<\/strong> studiere Medieninformatik an der LMU.<br \/>\n<strong>Janina J.<\/strong> wartet auf einen Medizin-Studienplatz.<br \/>\n<strong>Anna K.<\/strong> studiert englisch und noch etwas auf Lehramt in.. M\u00fcnchen oder Augsburg?<br \/>\n<strong>Kathi K. <\/strong>studiert Theologie.<br \/>\n<strong>Coco<\/strong> studiert Grundschullehramt an der LMU, Schwerpunkt Deutsch.<br \/>\n<strong>Marko<\/strong> studiert Wirtschaft in Passau, geht ein Semester nach Russland.<br \/>\n<strong>Betty<\/strong> studiert Medizin an der LMU.<br \/>\n<strong>Andi M.<\/strong> studiert<del datetime=\"2009-10-22T19:32:45+00:00\"> Physik oder Mathe <\/del> Statistik an der LMU.<br \/>\n<strong>Susi <\/strong>studiert auf Lehramt&#8230; Grundschullehramt, glaube ich.. in M\u00fcnchen?<br \/>\n<strong>Steffi M.<\/strong> studiert wohl Medizin?<br \/>\n<strong>Manu <\/strong>will Medizin studieren, macht jetzt eine Ausbildung zur Krankenschwester.<br \/>\n<strong>Sarah <\/strong>ist gerade als Aupair in England (Manchester), will zum Sommersemester Global Studies studieren.<br \/>\n<strong>Anne<\/strong> studiert Realschullehramt Sport (TU) und Wirtschaft (LMU).<br \/>\n<strong>Maike<\/strong> macht ein FSJ in einer Behinderteneinrichtung in M\u00fcnchen.<br \/>\n<strong>Michi R.<\/strong> studiert Informatik an der TU.<br \/>\n<strong>Tina<\/strong> ist als Aupair in Annapolis, Maryland.<br \/>\n<strong>Terry <\/strong>studiert Zahnmedizin in Erlangen.<br \/>\n<strong>Janina R.<\/strong> studiert Musik am Mozarteum in Salzburg.<br \/>\n<strong>Tine<\/strong> studiert Deutsch und noch was auf Lehramt an der LMU.<br \/>\n<strong>Dani S.<\/strong> studiert VWL an der LMU.<br \/>\n<strong>Anna S.<\/strong> wollte in Freiburg studieren, studiert jetzt in Weihenstephan.. Bio?<br \/>\n<strong>Leonie<\/strong> studiert Maschinenbau.<br \/>\n<strong>Anja Schm.<\/strong>studiert Grundschullehramt, Schwerpunkt Englisch, an der LMU.<br \/>\n<strong>Mieke<\/strong> will als Aupair nach Australien beziehungsweile in Australien work-and-traveln.<br \/>\n<strong>Kathi S<\/strong>. studiert Wirtschaftswissenschaften in Augsburg.<br \/>\n<strong>Sandra<\/strong> studiert Deutsch und Geschichte auf Lehramt an der LMU.<br \/>\n<strong>Resi<\/strong> macht ein FSJ in Berlin im (j\u00fcdischen?) Museum.<br \/>\n<strong>Amelie<\/strong> ist als Aupair in der N\u00e4he von New York.<br \/>\n<strong>Annabella<\/strong> h\u00e4tte gern ein Praktikum als Alternative zur geplatzen finnischen Huskyfarm.<\/p>\n","protected":false},"excerpt":{"rendered":"<p>Hier einmal der Versuch einer Liste, wer jetzt wo ist. Die ist \u00fcberhaupt nicht offiziell und basiert nur auf Gerede, keine Garantie, dass das alles stimmt, aber es ist vielleicht einmal ganz interessant, wo denn jetzt alle letztendlich hingegangen sind. Logischerweise wei\u00df ich von den M\u00e4dchen sehr viel, die Jungs machen im Zweifelfall irgendwo Zivi [&hellip;]<\/p>\n","protected":false},"author":1,"featured_media":0,"comment_status":"open","ping_status":"open","sticky":false,"template":"","format":"standard","meta":[],"categories":[1],"tags":[],"_links":{"self":[{"href":"http:\/\/www.nina-jaeger.de\/blog\/index.php?rest_route=\/wp\/v2\/posts\/900"}],"collection":[{"href":"http:\/\/www.nina-jaeger.de\/blog\/index.php?rest_route=\/wp\/v2\/posts"}],"about":[{"href":"http:\/\/www.nina-jaeger.de\/blog\/index.php?rest_route=\/wp\/v2\/types\/post"}],"author":[{"embeddable":true,"href":"http:\/\/www.nina-jaeger.de\/blog\/index.php?rest_route=\/wp\/v2\/users\/1"}],"replies":[{"embeddable":true,"href":"http:\/\/www.nina-jaeger.de\/blog\/index.php?rest_route=%2Fwp%2Fv2%2Fcomments&post=900"}],"version-history":[{"count":0,"href":"http:\/\/www.nina-jaeger.de\/blog\/index.php?rest_route=\/wp\/v2\/posts\/900\/revisions"}],"wp:attachment":[{"href":"http:\/\/www.nina-jaeger.de\/blog\/index.php?rest_route=%2Fwp%2Fv2%2Fmedia&parent=900"}],"wp:term":[{"taxonomy":"category","embeddable":true,"href":"http:\/\/www.nina-jaeger.de\/blog\/index.php?rest_route=%2Fwp%2Fv2%2Fcategories&post=900"},{"taxonomy":"post_tag","embeddable":true,"href":"http:\/\/www.nina-jaeger.de\/blog\/index.php?rest_route=%2Fwp%2Fv2%2Ftags&post=900"}],"curies":[{"name":"wp","href":"https:\/\/api.w.org\/{rel}","templated":true}]}}