{"id":886,"date":"2009-10-20T13:30:45","date_gmt":"2009-10-20T11:30:45","guid":{"rendered":"http:\/\/www.nina-jaeger.de\/wordpress\/wordpress\/?p=793"},"modified":"2009-10-20T13:30:45","modified_gmt":"2009-10-20T11:30:45","slug":"erster-offizieller-live-aus-der-uni-eintrag","status":"publish","type":"post","link":"http:\/\/www.nina-jaeger.de\/blog\/?p=886","title":{"rendered":"Erster offizieller live-aus-der-Uni-Eintrag"},"content":{"rendered":"<p><img loading=\"lazy\" src=\"http:\/\/www.nina-jaeger.de\/wordpress\/wordpress\/wp-content\/uploads\/2009\/10\/live_2010.jpg\" alt=\"live_2010\" title=\"live_2010\" width=\"450\" height=\"338\" class=\"aligncenter size-full wp-image-796\" \/><\/p>\n<p>Guten Tag, ich hatte es ja versprochen. Sitze momentan auf einer Treppe, irgendwo in der N\u00e4he meines H\u00f6rsaals, wo ich in einer Stunde etwa meine &#8222;Einf\u00fchrung in die Programmierung&#8220;-Vorlesung habe. Das ist dann vermutlich das erste informatische hier, ansonsten hatte ich bisher zwei Analysis-Vorlesungen und ein halbes Pro-Seminar (&#8222;Proseminar&#8220;?) Medienlehre. Das war deshalb halb, weil etwa die H\u00e4lfte der Beteiligten bei der Onlineanmeldung was versemmelt hat (ich nicht, aber es war sehr leicht zu versemmeln), und dann etwas wie Referatseinteilungen nicht stattfinden konnten. Das hei\u00dft also, dass ich im Prinzip bisher nur Mathe hatte. Analysis I ist eine total witzige Vorlesung, da sind n\u00e4mlich viele Leute, habe gerade die Leute um mich nach einer Sch\u00e4tzung gefragt, die haben auch keine sensationellen Angaben machen k\u00f6nnen. Sagen wir dreihundert aufw\u00e4rts, Informatiker, Medieninformatiker und Statistiker. Dazu hat der Raum halt leider keine zu \u00f6ffnenden Fenster, lediglig omin\u00f6se Scheiben in der Decke, aber die sind nicht zur Sauerstoffzufuhr gedacht. Folglich ist die Temperatur darin auch nicht angenehm, da ist T-Shirt-Temperatur, auch wenn es drau\u00dfen schneit. Man muss sich also immer in Schichten anziehen, einen warmen Pullover kann man vergessen, es sei dann man will eingehen.<br \/>\nHeute hatte ich ein ganz besonderes Erlebnis, und zwar fuhr meine sehr fr\u00fche S-Bahn so langsam, die Tram tr\u00f6delte ebenfalls, so dass icvh im H\u00f6rsaal keinen Sitzplatz mehr bekam. Das ist im Moment gar nicht so selten, gut drei\u00dfig Leute sitzen im Moment auf dem Boden, einige gehen gleich wieder. Eventuell bekommen wir einen gr\u00f6\u00dferen Raum, h\u00f6chstwahrscheinlich l\u00f6st sich das Problem nach ein paar Wochen von alleine. Aber auch auf dem Boden geht es schon, etwas anstrengend f\u00fcr das Ges\u00e4\u00df :-), allerdings kann man sich danach freuen, dass man nciht noch eine Vorlesung gleich im Anschluss im gleichen Raum hat, wie der nette Statisker neben mir auf dem Boden.<\/p>\n<p>Die Vorlesung jetzt d\u00fcrfte auch relativ gut besucht sein, der Raum klingt gro\u00df. Und am Freitag, da haben wie sie in der gro\u00dfen Aula, die schaut, zumindest Google nach, sehr gro\u00df und feierlich aus. Die Tutoren kannten sie nciht mal, also ist das wohl normalerweise auch nicht \u00fcblich, dahin zu kommen, aber wir werden sehen. So, das war&#8217;s erstmal von hier..<\/p>\n<p>Edit: <em>Foto hinzugef\u00fcgt. Ich werde versuchen, dass jetzt immer so zu machen, sofern es sich nicht dauernd wiederholt.<\/em><\/p>\n","protected":false},"excerpt":{"rendered":"<p>Guten Tag, ich hatte es ja versprochen. Sitze momentan auf einer Treppe, irgendwo in der N\u00e4he meines H\u00f6rsaals, wo ich in einer Stunde etwa meine &#8222;Einf\u00fchrung in die Programmierung&#8220;-Vorlesung habe. Das ist dann vermutlich das erste informatische hier, ansonsten hatte ich bisher zwei Analysis-Vorlesungen und ein halbes Pro-Seminar (&#8222;Proseminar&#8220;?) Medienlehre. Das war deshalb halb, weil [&hellip;]<\/p>\n","protected":false},"author":1,"featured_media":0,"comment_status":"open","ping_status":"open","sticky":false,"template":"","format":"standard","meta":[],"categories":[1],"tags":[6,18,24],"_links":{"self":[{"href":"http:\/\/www.nina-jaeger.de\/blog\/index.php?rest_route=\/wp\/v2\/posts\/886"}],"collection":[{"href":"http:\/\/www.nina-jaeger.de\/blog\/index.php?rest_route=\/wp\/v2\/posts"}],"about":[{"href":"http:\/\/www.nina-jaeger.de\/blog\/index.php?rest_route=\/wp\/v2\/types\/post"}],"author":[{"embeddable":true,"href":"http:\/\/www.nina-jaeger.de\/blog\/index.php?rest_route=\/wp\/v2\/users\/1"}],"replies":[{"embeddable":true,"href":"http:\/\/www.nina-jaeger.de\/blog\/index.php?rest_route=%2Fwp%2Fv2%2Fcomments&post=886"}],"version-history":[{"count":0,"href":"http:\/\/www.nina-jaeger.de\/blog\/index.php?rest_route=\/wp\/v2\/posts\/886\/revisions"}],"wp:attachment":[{"href":"http:\/\/www.nina-jaeger.de\/blog\/index.php?rest_route=%2Fwp%2Fv2%2Fmedia&parent=886"}],"wp:term":[{"taxonomy":"category","embeddable":true,"href":"http:\/\/www.nina-jaeger.de\/blog\/index.php?rest_route=%2Fwp%2Fv2%2Fcategories&post=886"},{"taxonomy":"post_tag","embeddable":true,"href":"http:\/\/www.nina-jaeger.de\/blog\/index.php?rest_route=%2Fwp%2Fv2%2Ftags&post=886"}],"curies":[{"name":"wp","href":"https:\/\/api.w.org\/{rel}","templated":true}]}}