{"id":831,"date":"2009-12-13T22:21:17","date_gmt":"2009-12-13T21:21:17","guid":{"rendered":"http:\/\/www.nina-jaeger.de\/wordpress\/wordpress\/?p=831"},"modified":"2009-12-13T22:21:17","modified_gmt":"2009-12-13T21:21:17","slug":"warum-ich-keine-platzchen-backen-sollte","status":"publish","type":"post","link":"http:\/\/www.nina-jaeger.de\/blog\/?p=831","title":{"rendered":"Warum ich keine Pl\u00e4tzchen backen sollte"},"content":{"rendered":"<p>Man kennt ja de letzten Teil des Pl\u00e4tzchenbackens, wenn dann die Teigrest zu irgendeinem Unsinn verarbeitet werden.<\/p>\n<p>Ich \u00fcberspringe die Teile davor. (Und au\u00dferdem bin ich nicht besonders geschickt im Umgang mit Lebensmitteln.)<\/p>\n<p>Hierbei handelt es sich um Pfefferkuchen, die schwedischen.<\/p>\n<p><img loading=\"lazy\" class=\"aligncenter size-full wp-image-832\" title=\"failwhale\" src=\"http:\/\/www.nina-jaeger.de\/wordpress\/wordpress\/wp-content\/uploads\/2009\/12\/failwhale.jpg\" alt=\"failwhale\" width=\"450\" height=\"323\" \/><\/p>\n","protected":false},"excerpt":{"rendered":"<p>Man kennt ja de letzten Teil des Pl\u00e4tzchenbackens, wenn dann die Teigrest zu irgendeinem Unsinn verarbeitet werden. Ich \u00fcberspringe die Teile davor. (Und au\u00dferdem bin ich nicht besonders geschickt im Umgang mit Lebensmitteln.) Hierbei handelt es sich um Pfefferkuchen, die schwedischen.<\/p>\n","protected":false},"author":1,"featured_media":0,"comment_status":"open","ping_status":"open","sticky":false,"template":"","format":"standard","meta":[],"categories":[1],"tags":[9,22,23],"_links":{"self":[{"href":"http:\/\/www.nina-jaeger.de\/blog\/index.php?rest_route=\/wp\/v2\/posts\/831"}],"collection":[{"href":"http:\/\/www.nina-jaeger.de\/blog\/index.php?rest_route=\/wp\/v2\/posts"}],"about":[{"href":"http:\/\/www.nina-jaeger.de\/blog\/index.php?rest_route=\/wp\/v2\/types\/post"}],"author":[{"embeddable":true,"href":"http:\/\/www.nina-jaeger.de\/blog\/index.php?rest_route=\/wp\/v2\/users\/1"}],"replies":[{"embeddable":true,"href":"http:\/\/www.nina-jaeger.de\/blog\/index.php?rest_route=%2Fwp%2Fv2%2Fcomments&post=831"}],"version-history":[{"count":0,"href":"http:\/\/www.nina-jaeger.de\/blog\/index.php?rest_route=\/wp\/v2\/posts\/831\/revisions"}],"wp:attachment":[{"href":"http:\/\/www.nina-jaeger.de\/blog\/index.php?rest_route=%2Fwp%2Fv2%2Fmedia&parent=831"}],"wp:term":[{"taxonomy":"category","embeddable":true,"href":"http:\/\/www.nina-jaeger.de\/blog\/index.php?rest_route=%2Fwp%2Fv2%2Fcategories&post=831"},{"taxonomy":"post_tag","embeddable":true,"href":"http:\/\/www.nina-jaeger.de\/blog\/index.php?rest_route=%2Fwp%2Fv2%2Ftags&post=831"}],"curies":[{"name":"wp","href":"https:\/\/api.w.org\/{rel}","templated":true}]}}