{"id":819,"date":"2009-11-11T10:31:25","date_gmt":"2009-11-11T08:31:25","guid":{"rendered":"http:\/\/www.nina-jaeger.de\/wordpress\/wordpress\/?p=819"},"modified":"2009-11-11T10:31:25","modified_gmt":"2009-11-11T08:31:25","slug":"uni-live-ii-das-kw-klischee","status":"publish","type":"post","link":"http:\/\/www.nina-jaeger.de\/blog\/?p=819","title":{"rendered":"Uni-live II: Das KW-Klischee"},"content":{"rendered":"<p>Guten Morgen,<\/p>\n<p>es ist halb neun. <em>Einf\u00fchrung in Kommunikationswissenschaften<\/em>. Das ist Teil meines Anwendungsfaches, Medienwirkung. Ich bin heute hier fast alleine &#8211; ein paar Leute ein paar Reihen weiter vorhe sind vielleicht auch Medieninformatiker, zumindest habe ich sie schon gesehen. Ihre Namen kenne ich nicht.<br \/>\nWir machen hier gerade Psychologie GK Stoff, oder Deutsch LK Stoff, Deutsch Mittelstufe Stoff\u00a0oder Stoff, den ich jetzt als Allgemeinwissen bezeichenen w\u00fcrde, aber man kann vermutlich nicht davon ausgehen. Hab ich alles schonmal geh\u00f6rt, denke ich.<\/p>\n<p>Huuui, gerade fiel &#8222;in einem Blog posten&#8220;, toll, ich besch\u00e4ftige mich ja nicht einmal mit irrelevanten Dingen.<\/p>\n<p>Hier sind also sehr wenige da. Das ist kollektiv und irgendwie paradox &#8211; Der Dozent da vorne ist scheinbar ein ziemlich hohes Tier in der KW. Er hat ein Buch geschrieben, man sagt, dar\u00fcber erz\u00e4hle er haupts\u00e4chlich. Folglich k\u00f6nne man gleich sein Buch lesen und sich die Zeit sparen. Das Buch, obwohl es im Titel &#8222;Handbuch&#8220; stehen hat, ist aber ganz sch\u00f6n dick, ganz sch\u00f6n schwer und auch ganz sch\u00f6n teuer. Paradox ist, dass es zu Zeiten von Schullekt\u00fcren immer hie\u00df: &#8222;Da h\u00f6r ich mir lieber da H\u00f6rbuch an, als das Ding zu lesen&#8220;. Jetzt steht das H\u00f6rbuch da vorne und man bevorzugt das Buch. Warum? Menschlicher Trotz? Dar\u00fcber k\u00f6nnten die hier anwesenden Klischee-KWlerinnen mit Nebenfach Psychologie mal bitte genauer nachdenken, danke.<\/p>\n<p>(Er hat Twitter erw\u00e4hnt! &#8222;Twiedda&#8220; auf nieder\u00f6sterreichisch, \u00fcbrigens)<\/p>\n<p>Ich bin eine Randgruppe &#8211; ich werde hier gar nicht angesprochen.\u00a0Die Seminare,\u00a0auf die Bezug genommen wird, besuche\u00a0ich\u00a0zum Beispiel gar nicht &#8211; kann ich davon ausgehen, dass\u00a0die Leute hier alle Hauptfach Kommunikationswissenschaft haben? Es sieht ja so aus:\u00a0Ich sitze im Klischee &#8211;\u00a0der Frauenanteil ist gr\u00f6\u00dfer als f\u00fcnfundneunzig Prozent, das ist ziemlich gruslig. Das ist ein All-Girls-Deutsch LK, nur viel, viel gr\u00f6\u00dfer. Hatten sicher alle Deutsch LK hier. Viele bestimmt Deutsch-Englisch oder Deutsch-Geschichte. Und dann haben sie den NC von &#8211; Wie hoch ist der? 1,4? 1,3? &#8211; geschafft. Und jetzt wollen sie Journalistinnen werden. Zumindest nehme ich an, dass sie das wollen. Das ist schon witzig: Die Leute, von denen <em>ich<\/em> denke, dass sie Journalisten werden, die sind hier gar nicht. Ich rede mir ja auch ein, dass der seri\u00f6se Journalismus gar nicht so weiblich ist, wie man denken k\u00f6nnte, wenn man die KWlerinnen anschaut. Ist das der Grund f\u00fcr die vielen Frauenzeitschriften? Oh, das war jetzt gemein. Entschuldigung.<\/p>\n<p>Weitere empirische H\u00f6rsaalstudie:<br \/>\n&#8211; Blond: 40%, dazu 10% mit blonden Str\u00e4hnen, der Rest dunkel<br \/>\n&#8211; Anzahl Kurzhaarfrisuren: Zwei<\/p>\n<p>Mein Dozent ist \u00d6sterreicher. Ich finde das ja toll, viele lachen ihn ein bisschen aus. Vielleicht weil er hier ist, und nicht in \u00d6sterreich, wo in KW drei\u00dfig Prozent Deutsche sitzen, &#8222;NC-Fl\u00fcchtlinge&#8220;. Vermutlich hat KW beziehungsweise Publizistik die meisten NC-Fl\u00fcchtlinge, bezieungsweise Fl\u00fcchtlichginnen, \u00fcberhaupt. Medizin, zum Beispiel, hat in \u00d6sterreich Zulassungstest und einen festgesetzten H\u00f6chstanteil von Studenten ohne Matura (also \u00f6sterreichisches Abitur.) &#8211; aber keinen NC, soweit ich wei\u00df. Das ist in KW\/Publizistik nicht der Fall. Falls die hier Anwesenden das wissen &#8211; vermutlich nicht. Was wetten wir, dass mein 62-j\u00e4hriger Dozent mehr \u00fcber die \u00f6sterreichischen Studentenproteste und deren Verbreitung \u00fcber Twitter wei\u00df als die meisten hier. Die m\u00f6gen Onlinemedien gar nicht, n\u00e4mlich. Haben sie uns schon sp\u00fcren lassen, uns als Randgruppe. Die Printsektorsekte.\u00a0Aber wenn ihnen das Spa\u00df macht&#8230;<\/p>\n<p>Vielleicht sind hier auch irgendwo klischeefreie KWlerinnen. Die sollten sich mal melden. Danke. :)<\/p>\n","protected":false},"excerpt":{"rendered":"<p>Guten Morgen, es ist halb neun. Einf\u00fchrung in Kommunikationswissenschaften. Das ist Teil meines Anwendungsfaches, Medienwirkung. Ich bin heute hier fast alleine &#8211; ein paar Leute ein paar Reihen weiter vorhe sind vielleicht auch Medieninformatiker, zumindest habe ich sie schon gesehen. Ihre Namen kenne ich nicht. Wir machen hier gerade Psychologie GK Stoff, oder Deutsch LK [&hellip;]<\/p>\n","protected":false},"author":1,"featured_media":0,"comment_status":"open","ping_status":"open","sticky":false,"template":"","format":"standard","meta":[],"categories":[1],"tags":[14,16,17,24],"_links":{"self":[{"href":"http:\/\/www.nina-jaeger.de\/blog\/index.php?rest_route=\/wp\/v2\/posts\/819"}],"collection":[{"href":"http:\/\/www.nina-jaeger.de\/blog\/index.php?rest_route=\/wp\/v2\/posts"}],"about":[{"href":"http:\/\/www.nina-jaeger.de\/blog\/index.php?rest_route=\/wp\/v2\/types\/post"}],"author":[{"embeddable":true,"href":"http:\/\/www.nina-jaeger.de\/blog\/index.php?rest_route=\/wp\/v2\/users\/1"}],"replies":[{"embeddable":true,"href":"http:\/\/www.nina-jaeger.de\/blog\/index.php?rest_route=%2Fwp%2Fv2%2Fcomments&post=819"}],"version-history":[{"count":0,"href":"http:\/\/www.nina-jaeger.de\/blog\/index.php?rest_route=\/wp\/v2\/posts\/819\/revisions"}],"wp:attachment":[{"href":"http:\/\/www.nina-jaeger.de\/blog\/index.php?rest_route=%2Fwp%2Fv2%2Fmedia&parent=819"}],"wp:term":[{"taxonomy":"category","embeddable":true,"href":"http:\/\/www.nina-jaeger.de\/blog\/index.php?rest_route=%2Fwp%2Fv2%2Fcategories&post=819"},{"taxonomy":"post_tag","embeddable":true,"href":"http:\/\/www.nina-jaeger.de\/blog\/index.php?rest_route=%2Fwp%2Fv2%2Ftags&post=819"}],"curies":[{"name":"wp","href":"https:\/\/api.w.org\/{rel}","templated":true}]}}