{"id":742,"date":"2009-06-22T02:36:53","date_gmt":"2009-06-22T00:36:53","guid":{"rendered":"http:\/\/www.nina-jaeger.de\/wordpress\/wordpress\/?p=742"},"modified":"2009-06-22T02:36:53","modified_gmt":"2009-06-22T00:36:53","slug":"742","status":"publish","type":"post","link":"http:\/\/www.nina-jaeger.de\/blog\/?p=742","title":{"rendered":"&#8230;"},"content":{"rendered":"<p>ich kann nicht mehr. ich kann nicht mehr. ich habe die ganze letzte nacht durchgearbeitet, den ganzen tag heute. ich habe seit drei woche keine nacht mehr das mindestma\u00df an schlaf gehabt. und jetzt kam der letzte gro\u00dfe auftrag nach mitternacht &#8211; und v\u00f6llig unbearbeitet, nicht so, wie ich es brauche. ich renn dem kram schon tagelang hinterher. ich habe immer gesagt, dass es sonntag in den druck kommt, warum kriege ich dann montag bilder hingerotzt? ich wei\u00df selber, dass die, die das gemacht haben, es auch nicht besser konnte, weil sie n\u00e4mlich zu den genau vier leuten geh\u00f6ren, die hier arbeiten. (und keiner von uns ist einer von denen, der dan am ende sich &#8222;immer so f\u00fcr die stufe eingesetzt hat&#8220;) ich kann keine dreihundert bilder einf\u00fcgen, ich habe es zwei stunden lang probiert und jetzt funktioniere ich nicht mehr.<br \/>\nes geht nicht mehr.<br \/>\njetzt kann ich mir den druck in die haare schmieren, zeitung auf der abifeier in die haare schmieren.<br \/>\ndann geh ich halt nicht hin &#8211; kann man die karten irgendwo zur\u00fcck geben? sollen sie sich halt beschweren, die ganzen idioten, ich bin dann gar nicht da, und mich geht das alles nichts mehr an.<br \/>\nwenn sie mich fragen, werde ich sagen, dass sie alle selber schuld sind mit ihrer bescheuerten fehlenden kooperation, die mich wirklich immer wieder entsetzt. als w\u00fcrde es ihnen das bein brechen, mir zu sagen, wie viele in ihrem lk sind. diesen affenzirkus nervt mich sowieso schon lange an: mich w\u00fcrd ja nur interessieren, mit welchem argument sich die vor nicht-mal-arbeit dr\u00fccken? tats\u00e4chlich antworten und k\u00fcmmern sich immer nur sie selben leute, neunzig prozent der stufe sind so faul, dass es die sau graust. das sind dann die, die mich hinterher federn und teeren, weil die n\u00e4mlich alle \u00fcberhaupt kein verh\u00e4ltnis zur arbeit haben.<\/p>\n","protected":false},"excerpt":{"rendered":"<p>ich kann nicht mehr. ich kann nicht mehr. ich habe die ganze letzte nacht durchgearbeitet, den ganzen tag heute. ich habe seit drei woche keine nacht mehr das mindestma\u00df an schlaf gehabt. und jetzt kam der letzte gro\u00dfe auftrag nach mitternacht &#8211; und v\u00f6llig unbearbeitet, nicht so, wie ich es brauche. ich renn dem kram [&hellip;]<\/p>\n","protected":false},"author":1,"featured_media":0,"comment_status":"open","ping_status":"open","sticky":false,"template":"","format":"standard","meta":[],"categories":[1],"tags":[],"_links":{"self":[{"href":"http:\/\/www.nina-jaeger.de\/blog\/index.php?rest_route=\/wp\/v2\/posts\/742"}],"collection":[{"href":"http:\/\/www.nina-jaeger.de\/blog\/index.php?rest_route=\/wp\/v2\/posts"}],"about":[{"href":"http:\/\/www.nina-jaeger.de\/blog\/index.php?rest_route=\/wp\/v2\/types\/post"}],"author":[{"embeddable":true,"href":"http:\/\/www.nina-jaeger.de\/blog\/index.php?rest_route=\/wp\/v2\/users\/1"}],"replies":[{"embeddable":true,"href":"http:\/\/www.nina-jaeger.de\/blog\/index.php?rest_route=%2Fwp%2Fv2%2Fcomments&post=742"}],"version-history":[{"count":0,"href":"http:\/\/www.nina-jaeger.de\/blog\/index.php?rest_route=\/wp\/v2\/posts\/742\/revisions"}],"wp:attachment":[{"href":"http:\/\/www.nina-jaeger.de\/blog\/index.php?rest_route=%2Fwp%2Fv2%2Fmedia&parent=742"}],"wp:term":[{"taxonomy":"category","embeddable":true,"href":"http:\/\/www.nina-jaeger.de\/blog\/index.php?rest_route=%2Fwp%2Fv2%2Fcategories&post=742"},{"taxonomy":"post_tag","embeddable":true,"href":"http:\/\/www.nina-jaeger.de\/blog\/index.php?rest_route=%2Fwp%2Fv2%2Ftags&post=742"}],"curies":[{"name":"wp","href":"https:\/\/api.w.org\/{rel}","templated":true}]}}