{"id":737,"date":"2009-06-20T19:11:02","date_gmt":"2009-06-20T17:11:02","guid":{"rendered":"http:\/\/www.nina-jaeger.de\/wordpress\/wordpress\/?p=737"},"modified":"2009-06-20T19:11:02","modified_gmt":"2009-06-20T17:11:02","slug":"abizeitung-sonst-glaubt-mir-das-ja-keiner","status":"publish","type":"post","link":"http:\/\/www.nina-jaeger.de\/blog\/?p=737","title":{"rendered":"Abizeitung: Sonst glaubt mir das ja keiner"},"content":{"rendered":"<p>Ich hab noch zwei Tage, bin kaputt, unterschlafen, und habe einen Hass auf die ganze Welt. Mit ein paar Ausnahmen vielleicht. Man dr\u00e4ngt mir halt alles auf, in einem Ma\u00df, bei dem man sich wundert, dass dies \u00fcberhaupt mit einem klaren Menschenverstand m\u00f6glich ist. Ich bitte andere darum, die zu sammeln, die uns verlassen haben. Sitzengeblieben, weggezogen &#8211; das \u00fcbliche halt. Selbst hab ich zwei Klassen von der f\u00fcnften bis zur elften durchgearbeitet. Ich bekomm ein paar Namen, nat\u00fcrlich zu wenige. Ich schlage im Jahresbericht alle achten auf, und finde da schon zehen Namen, die nicht genannt worden. Ich sammel diese, zusammen mit alle anderen Namen, die mir auffielen &#8211; waren dann etwa zwanzig. Bitte um Zuordnung. Macht keiner. Sie m\u00fcssten ja nur im Jahresbericht vergleichen, so wie ich das auch machen w\u00fcrde &#8211; warum soll ich sowas auch nocht machen?<br \/>\nIch hab kurzfristig auch noch die letzten 5 Seiten von dreihundert dazubekommen. Chrissi sagt, sie kann&#8217;s nicht. Ja, klar, ist auch schwierig, aber ich habe auch nicht noch mehr Asse im \u00c4rmel, als die, die ich ihr mitteile. Chrissi f\u00e4hrt weg, ich arbeite. Diagramme k\u00f6nnen eingebunden werden, die Schrift ist allerdings unscharf. Ich hasse sowas, nat\u00fcrlich, ich will es nicht so lassen. Aber bitte sehr, Ich habe f\u00fcr eine Seite zum ausbessern schon eine Stunde gebraucht. Und dann f\u00fcr sechs? Ich schicke die diagramme rum. Die lieben Menschen sagen, es ginge auch unscharf, kein Problem. Die anderen sagen,nein, doch, das st\u00f6rt sie schon, bitte korrigieren, sie h\u00e4tten sich doch so viel M\u00fche mit dem Ausf\u00fcllen der B\u00f6gen gegeben.<br \/>\nWie viele Arbeitsstunden habe ich intus? 15-18 t\u00e4glich, das seit dem Colloquium.<br \/>\nIch frage nach Bildern derer, die nichts abgegeben haben. Einige haben n\u00e4mlich welche aus dem gemeindamen Kindergarten oder Grundschule zusammengesucht. Oder aktuelle Bilder derer, die nicht zum Fototermin kamen. Darauf kam, ich solle doch Bilder bei Lokalisten suchen. Ich frag mich, ob auf meiner Stirn steht, dass ich der einzige bin, der arbeiten darf oder so. Das steht doch im totalen Gegensatz zu meinen Mitsch\u00fclerlis, die mich dauernd fragen ob sie mir helfen k\u00f6nnen. (Nachdem sie etwa einen Tag lang vollkommen in mein PDF verliebt waren.)<br \/>\nDruckerei hat noch nicht definitiv zugesagt. Wir wollen ja wechseln, zu einer n\u00e4her gelegenen. Die garantiert uns rechtzeitige Lieferung, aber ich wei\u00df nicht, ob sie Druck im Anschnitt anbieten. Ohne Druck im Anschnitt geht&#8217;s nicht, Punkt. Gestern habe ich von den Finanzenleute gr\u00fcnes Licht f\u00fcr&#8217;s Geldausgeben erhalten &#8211; wenn wir das jetzt endlich wissen w\u00fcrden, k\u00f6nnte ich eventuell sogar erz\u00e4hlen, dass wir mattgl\u00e4nzendes Papier oder so bekommen. (Aufgrund der vielen Bilder ist glattes Papier undbedingt erforderlich. :-) Bei der urspr\u00fcnglichen Druckerei war das 80 g\/m\u00b2 Papier schon glatt genug, bei der neuen wei\u00df ich das nicht. Wenn das 0815-Papier ist, dann d\u00fcrfen wir offiziell besseres Papier nehmen.)<\/p>\n<p>Dann fand die Krise ihren ultimativen H\u00f6hepunkt, als mein Kassettenrekorder eine Kassette fra\u00df.<\/p>\n<p>Vorhin tat Word dann das hier (Achtung, dieses Video enth\u00e4lt den Satz &#8222;Leck mich am Arsch&#8220;):<\/p>\n<p><object width=\"425\" height=\"344\"><param name=\"movie\" value=\"http:\/\/www.youtube.com\/v\/gSGN-z4V5cA&#038;hl=en&#038;fs=1&#038;\"><\/param><param name=\"allowFullScreen\" value=\"true\"><\/param><param name=\"allowscriptaccess\" value=\"always\"><\/param><embed src=\"http:\/\/www.youtube.com\/v\/gSGN-z4V5cA&#038;hl=en&#038;fs=1&#038;\" type=\"application\/x-shockwave-flash\" allowscriptaccess=\"always\" allowfullscreen=\"true\" width=\"425\" height=\"344\"><\/embed><\/object><\/p>\n<p>Ich will im Moment einfach nur, dass das alles endlich aufh\u00f6rt.\u00a0 :-)<\/p>\n","protected":false},"excerpt":{"rendered":"<p>Ich hab noch zwei Tage, bin kaputt, unterschlafen, und habe einen Hass auf die ganze Welt. Mit ein paar Ausnahmen vielleicht. Man dr\u00e4ngt mir halt alles auf, in einem Ma\u00df, bei dem man sich wundert, dass dies \u00fcberhaupt mit einem klaren Menschenverstand m\u00f6glich ist. Ich bitte andere darum, die zu sammeln, die uns verlassen haben. [&hellip;]<\/p>\n","protected":false},"author":1,"featured_media":0,"comment_status":"open","ping_status":"open","sticky":false,"template":"","format":"standard","meta":[],"categories":[1],"tags":[],"_links":{"self":[{"href":"http:\/\/www.nina-jaeger.de\/blog\/index.php?rest_route=\/wp\/v2\/posts\/737"}],"collection":[{"href":"http:\/\/www.nina-jaeger.de\/blog\/index.php?rest_route=\/wp\/v2\/posts"}],"about":[{"href":"http:\/\/www.nina-jaeger.de\/blog\/index.php?rest_route=\/wp\/v2\/types\/post"}],"author":[{"embeddable":true,"href":"http:\/\/www.nina-jaeger.de\/blog\/index.php?rest_route=\/wp\/v2\/users\/1"}],"replies":[{"embeddable":true,"href":"http:\/\/www.nina-jaeger.de\/blog\/index.php?rest_route=%2Fwp%2Fv2%2Fcomments&post=737"}],"version-history":[{"count":0,"href":"http:\/\/www.nina-jaeger.de\/blog\/index.php?rest_route=\/wp\/v2\/posts\/737\/revisions"}],"wp:attachment":[{"href":"http:\/\/www.nina-jaeger.de\/blog\/index.php?rest_route=%2Fwp%2Fv2%2Fmedia&parent=737"}],"wp:term":[{"taxonomy":"category","embeddable":true,"href":"http:\/\/www.nina-jaeger.de\/blog\/index.php?rest_route=%2Fwp%2Fv2%2Fcategories&post=737"},{"taxonomy":"post_tag","embeddable":true,"href":"http:\/\/www.nina-jaeger.de\/blog\/index.php?rest_route=%2Fwp%2Fv2%2Ftags&post=737"}],"curies":[{"name":"wp","href":"https:\/\/api.w.org\/{rel}","templated":true}]}}