{"id":648,"date":"2009-04-07T21:55:01","date_gmt":"2009-04-07T19:55:01","guid":{"rendered":"http:\/\/www.nina-jaeger.de\/wordpress\/wordpress\/?p=648"},"modified":"2009-04-07T21:55:01","modified_gmt":"2009-04-07T19:55:01","slug":"wir-konnen-pferde-ohne-beine-ruckwarts-reiten","status":"publish","type":"post","link":"http:\/\/www.nina-jaeger.de\/blog\/?p=648","title":{"rendered":"Wir k\u00f6nnen Pferde ohne Beine r\u00fcckw\u00e4rts reiten"},"content":{"rendered":"<p><a href=\"http:\/\/www.nina-jaeger.de\/wordpress\/wordpress\/wp-content\/uploads\/2009\/04\/roeco_02.jpg\"><\/a><a href=\"http:\/\/www.nina-jaeger.de\/wordpress\/wordpress\/wp-content\/uploads\/2009\/04\/roeco_05.jpg\"><\/a><a href=\"http:\/\/www.nina-jaeger.de\/wordpress\/wordpress\/wp-content\/uploads\/2009\/04\/roeco_07.jpg\"><\/a>Grade, vorhin: Abizeitungstreffen. Termin wurde demokratisch festgelegt. Gro\u00dfer Andrang. Zwei Leute und ich.<\/p>\n<p><a href=\"http:\/\/www.nina-jaeger.de\/wordpress\/wordpress\/wp-content\/uploads\/2009\/04\/roeco_08.jpg\"><img loading=\"lazy\" class=\"alignnone size-medium wp-image-649\" title=\"roeco_08\" src=\"http:\/\/www.nina-jaeger.de\/wordpress\/wordpress\/wp-content\/uploads\/2009\/04\/roeco_08.jpg\" alt=\"\" width=\"450\" height=\"401\" \/><\/a><\/p>\n<p>Jedenfalls fanden wir dann eine interessante andere Besch\u00e4ftigung auf dem Weg zur\u00fcck.<!--more--><\/p>\n<p>Abrissparty am Altbau! Irgendwelche Abrissmenschen haben die Innereien der alten Schule einfach stehen lassen. Fehler. :-)<\/p>\n<p><img loading=\"lazy\" class=\"alignnone size-medium wp-image-650\" title=\"roeco_02\" src=\"http:\/\/www.nina-jaeger.de\/wordpress\/wordpress\/wp-content\/uploads\/2009\/04\/roeco_02.jpg\" alt=\"\" width=\"450\" height=\"401\" \/><\/p>\n<p>Anja &amp; Chrissi &#8211; Stillleben<\/p>\n<p><a href=\"http:\/\/www.nina-jaeger.de\/wordpress\/wordpress\/wp-content\/uploads\/2009\/04\/roeco_03.jpg\"><img loading=\"lazy\" class=\"alignnone size-medium wp-image-651\" title=\"roeco_03\" src=\"http:\/\/www.nina-jaeger.de\/wordpress\/wordpress\/wp-content\/uploads\/2009\/04\/roeco_03.jpg\" alt=\"\" width=\"450\" height=\"401\" \/><\/a><br \/>\nAnja, ich und der fatale rote <em>Kalender f\u00fcr Lehrerinnen und Lehrer<\/em>.<\/p>\n<p><a href=\"http:\/\/www.nina-jaeger.de\/wordpress\/wordpress\/wp-content\/uploads\/2009\/04\/roeco_04.jpg\"><img loading=\"lazy\" class=\"alignnone size-medium wp-image-652\" title=\"roeco_04\" src=\"http:\/\/www.nina-jaeger.de\/wordpress\/wordpress\/wp-content\/uploads\/2009\/04\/roeco_04.jpg\" alt=\"\" width=\"300\" height=\"363\" \/><\/a><br \/>\nSo tun als ob kaputtmachen<\/p>\n<p><a href=\"http:\/\/www.nina-jaeger.de\/wordpress\/wordpress\/wp-content\/uploads\/2009\/04\/roeco_05.jpg\"><img loading=\"lazy\" class=\"alignnone size-medium wp-image-653\" title=\"roeco_05\" src=\"http:\/\/www.nina-jaeger.de\/wordpress\/wordpress\/wp-content\/uploads\/2009\/04\/roeco_05.jpg\" alt=\"\" width=\"300\" height=\"363\" \/><\/a><\/p>\n<p>Wir brauchten die Faust!<\/p>\n<p><a href=\"http:\/\/www.nina-jaeger.de\/wordpress\/wordpress\/wp-content\/uploads\/2009\/04\/roeco_06.jpg\"><img loading=\"lazy\" class=\"alignnone size-medium wp-image-654\" title=\"roeco_06\" src=\"http:\/\/www.nina-jaeger.de\/wordpress\/wordpress\/wp-content\/uploads\/2009\/04\/roeco_06.jpg\" alt=\"\" width=\"450\" height=\"401\" \/><\/a><\/p>\n<p>Feat. Besen von Raum P01 und einer Bildzeitung vom 7.2.\u00a02007<\/p>\n<p><a href=\"http:\/\/www.nina-jaeger.de\/wordpress\/wordpress\/wp-content\/uploads\/2009\/04\/roeco_07.jpg\"><img loading=\"lazy\" class=\"alignnone size-medium wp-image-655\" title=\"roeco_07\" src=\"http:\/\/www.nina-jaeger.de\/wordpress\/wordpress\/wp-content\/uploads\/2009\/04\/roeco_07.jpg\" alt=\"\" width=\"450\" height=\"401\" \/><\/a><br \/>\nBandfoto (: Kartenst\u00e4nder als Mikro. Wollten wir sicher schon alle einmal.<\/p>\n","protected":false},"excerpt":{"rendered":"<p>Grade, vorhin: Abizeitungstreffen. Termin wurde demokratisch festgelegt. Gro\u00dfer Andrang. Zwei Leute und ich. Jedenfalls fanden wir dann eine interessante andere Besch\u00e4ftigung auf dem Weg zur\u00fcck.<\/p>\n","protected":false},"author":1,"featured_media":0,"comment_status":"open","ping_status":"open","sticky":false,"template":"","format":"standard","meta":[],"categories":[1],"tags":[],"_links":{"self":[{"href":"http:\/\/www.nina-jaeger.de\/blog\/index.php?rest_route=\/wp\/v2\/posts\/648"}],"collection":[{"href":"http:\/\/www.nina-jaeger.de\/blog\/index.php?rest_route=\/wp\/v2\/posts"}],"about":[{"href":"http:\/\/www.nina-jaeger.de\/blog\/index.php?rest_route=\/wp\/v2\/types\/post"}],"author":[{"embeddable":true,"href":"http:\/\/www.nina-jaeger.de\/blog\/index.php?rest_route=\/wp\/v2\/users\/1"}],"replies":[{"embeddable":true,"href":"http:\/\/www.nina-jaeger.de\/blog\/index.php?rest_route=%2Fwp%2Fv2%2Fcomments&post=648"}],"version-history":[{"count":0,"href":"http:\/\/www.nina-jaeger.de\/blog\/index.php?rest_route=\/wp\/v2\/posts\/648\/revisions"}],"wp:attachment":[{"href":"http:\/\/www.nina-jaeger.de\/blog\/index.php?rest_route=%2Fwp%2Fv2%2Fmedia&parent=648"}],"wp:term":[{"taxonomy":"category","embeddable":true,"href":"http:\/\/www.nina-jaeger.de\/blog\/index.php?rest_route=%2Fwp%2Fv2%2Fcategories&post=648"},{"taxonomy":"post_tag","embeddable":true,"href":"http:\/\/www.nina-jaeger.de\/blog\/index.php?rest_route=%2Fwp%2Fv2%2Ftags&post=648"}],"curies":[{"name":"wp","href":"https:\/\/api.w.org\/{rel}","templated":true}]}}