{"id":604,"date":"2009-02-18T18:17:45","date_gmt":"2009-02-18T16:17:45","guid":{"rendered":"http:\/\/www.nina-jaeger.de\/wordpress\/wordpress\/?p=604"},"modified":"2009-02-18T18:17:45","modified_gmt":"2009-02-18T16:17:45","slug":"hunde","status":"publish","type":"post","link":"http:\/\/www.nina-jaeger.de\/blog\/?p=604","title":{"rendered":"Hunde"},"content":{"rendered":"<blockquote><p>Ich glaub noch immer daran, ich bin \u00fcberzeugt davon, dass alles richtig war, das alles stimmt und wenn es jetzt beginnt ganz pl\u00f6tzlich ernst zu werden und* pl\u00f6tzlich anders zu sein und die ganzen Beschwerden und wir sind ganz allein gegen den Rest. Sie werden alles versuchen, werden nett zu uns sein, sie werden uns bedrohen und sie werden uns anschreien und wenn wir st\u00e4rker sind, weil wir wissen, dass es stimmt und das es richtig ist, wenn man nie vergisst: das sind wir gegen den Rest.<\/p><\/blockquote>\n<p>Da ich so einseitig bin, f\u00e4llt mir jetzt auch nichts anderes ein, als zu sagen: Mittlerweile hat sich auch der ein oder andere Sch\u00fcler der Stufe meiner Layoutfront angeschlossen. Na also, das wird schon. Vermutlich will es ohnehin f\u00fcr die ganz argen Gegner gro\u00dfe Ausnahmen geben m\u00fcssen, aber solange man mich nicht weiter zerpfl\u00fcckt und das Handtuch wirft, bevor man \u00fcberhaupt gesehen hat, was ich meine, ist die Welt doch in Ordnung. Und heute bearbeite ich den letzten Rest Lehrerfotos der &#8222;Sagen Sie Jetzt Nichts&#8220; Interviews nach, der, der vorliegt. Zwei Lehrer haben noch gar keine Fotos. Das habe ich auch schon die letzten Tage getan. Langsam nervt mich die Arbeit ein bisschen an. Ich wei\u00df ja, dass Weichzeichner bei der Gr\u00f6\u00dfe des Ergebnisses v\u00f6llig egal ist, aber ich mache mir nat\u00fcrlich gerne die Arbeit.<\/p>\n<p>Das da oben ist der Anfang von &#8222;Gegen den Rest&#8220;, einem Song der Band Karpatenhund, die nicht nur das Wort &#8222;und&#8220; sehr gern m\u00f6gen sondern seltsamerweise mich nur mit einzelnen Liedzeilen begeistern und irgendwie nie mir dem ganzen Ding. So kommt es, dass ich mir huntertmal den ersten Teil von einigen Liedern anh\u00f6re. Und nur den ersten.<\/p>\n<blockquote><p>Diese Schuhe stehen dir gut und ich mag deine Augen. Es kostete viel Mut, das kannst du gerne glauben, dich hier anzusprechen, mir Vorw\u00e4nde auszudenken, also willst du mit mir reden und* willst du etwas trinken?\u00a0<\/p><\/blockquote>\n<p>Warum bei den den Texten im Booklet noch viel mehr &#8222;und&#8220;s sind als ich h\u00f6re, wei\u00df ich leider selbst nicht. Unh\u00f6rbare unds sind mit Sternchen markiert.<br \/>\nUND: Wie viele andere Interpreten klatschen auf ihre CD einen Bonustrack, L\u00e4nge 2:55, mit dem Titel &#8222;(Rauschen)&#8220;, der genau das beinhaltet: Leises Rauschen. So leise, dass man bei jeder zuf\u00e4lligen Wiedergabe denkt, das jeweilige Abspielger\u00e4t hat den Geist aufgegeben. Vielleicht soll man den l\u00f6schen? Aber denn ist doch der tiefere Sinn weg. Und es <em>gibt<\/em> einen tieferen Sinn? Oder es ist nur ein m\u00e4\u00dfig lustiger Gag. (Lustig: Dass man \u00fcberhaupt so etwas macht. M\u00e4\u00dfig: In der Praxis nervt es leider haupts\u00e4chlich.)<\/p>\n<p>Und wer bei <em>Karpatenhund<\/em> mindestens einmal <em>Steppenwolf <\/em>also Assozition im Kopf auftauchte: Finger hoch. Meiner ist schon oben. Hat vermutlich auch keinen tieferen Sinn. Bl\u00f6d, bl\u00f6d. Man hockt immer irgendwie angespannt vor der Band. W\u00fcrde das jetzt fast\u00a0Demolierung im Kopf via Deutschunterricht bezeichnen. ;-)<\/p>\n","protected":false},"excerpt":{"rendered":"<p>Ich glaub noch immer daran, ich bin \u00fcberzeugt davon, dass alles richtig war, das alles stimmt und wenn es jetzt beginnt ganz pl\u00f6tzlich ernst zu werden und* pl\u00f6tzlich anders zu sein und die ganzen Beschwerden und wir sind ganz allein gegen den Rest. Sie werden alles versuchen, werden nett zu uns sein, sie werden uns [&hellip;]<\/p>\n","protected":false},"author":1,"featured_media":0,"comment_status":"open","ping_status":"open","sticky":false,"template":"","format":"standard","meta":[],"categories":[1],"tags":[],"_links":{"self":[{"href":"http:\/\/www.nina-jaeger.de\/blog\/index.php?rest_route=\/wp\/v2\/posts\/604"}],"collection":[{"href":"http:\/\/www.nina-jaeger.de\/blog\/index.php?rest_route=\/wp\/v2\/posts"}],"about":[{"href":"http:\/\/www.nina-jaeger.de\/blog\/index.php?rest_route=\/wp\/v2\/types\/post"}],"author":[{"embeddable":true,"href":"http:\/\/www.nina-jaeger.de\/blog\/index.php?rest_route=\/wp\/v2\/users\/1"}],"replies":[{"embeddable":true,"href":"http:\/\/www.nina-jaeger.de\/blog\/index.php?rest_route=%2Fwp%2Fv2%2Fcomments&post=604"}],"version-history":[{"count":0,"href":"http:\/\/www.nina-jaeger.de\/blog\/index.php?rest_route=\/wp\/v2\/posts\/604\/revisions"}],"wp:attachment":[{"href":"http:\/\/www.nina-jaeger.de\/blog\/index.php?rest_route=%2Fwp%2Fv2%2Fmedia&parent=604"}],"wp:term":[{"taxonomy":"category","embeddable":true,"href":"http:\/\/www.nina-jaeger.de\/blog\/index.php?rest_route=%2Fwp%2Fv2%2Fcategories&post=604"},{"taxonomy":"post_tag","embeddable":true,"href":"http:\/\/www.nina-jaeger.de\/blog\/index.php?rest_route=%2Fwp%2Fv2%2Ftags&post=604"}],"curies":[{"name":"wp","href":"https:\/\/api.w.org\/{rel}","templated":true}]}}