{"id":600,"date":"2009-02-13T22:45:51","date_gmt":"2009-02-13T20:45:51","guid":{"rendered":"http:\/\/www.nina-jaeger.de\/wordpress\/wordpress\/?p=600"},"modified":"2009-02-13T22:45:51","modified_gmt":"2009-02-13T20:45:51","slug":"eins-zwei-dre-nein-doch-nicht","status":"publish","type":"post","link":"http:\/\/www.nina-jaeger.de\/blog\/?p=600","title":{"rendered":"Eins &#8211; Zwei &#8211; Dre.. nein, doch nicht"},"content":{"rendered":"<p>Bin ich zu stur? Fanatisch? Exzentrisch?<\/p>\n<p>Die letzten drie Tage habe ich Lehrerfots nachbearbeitet &#8211;\u00a0 f\u00fcr die Abizeitung. Mein Lieblingsst\u00fcck Arbeit, auch wenn die nat\u00fcrlich noch ganz am Anfang ist. Ich habe mir in den Kopf gesetzt sie besser und sch\u00f6ner zu machen als in den Jahren davor. Das macht selbstverst\u00e4ndlich <em>Ver\u00e4nderung<\/em> n\u00f6tig. Ver\u00e4nderung ist etwas wovor alle alle Angst haben. Diese Tatsache geht mir wahnsinnig auf den Geist. Ich versuche verzweifelt hundert verschiedene Schriftarten, verpixelte Bilder, WordArt \u00dcberschriften und derartiges ausreden. Scheinbar sind diese augenkrebserregenden\u00a0St\u00fcckchen\u00a0die Manifestation der Selbstgemachtheit, die man unbedingt erhalten m\u00fcsse.\u00a0<br \/>\nIch f\u00fchle mich nicht hunderprozentig wohl in meiner Rolle als Layoutpapst, die ich letztes einnehmen durfte und so h\u00fcbsche nette S\u00e4tze wie: &#8222;Ihr findet das nur schlecht, weil ihr es nicht anders <em>kennt.<\/em>&#8220;\u00a0um mich warf. Lieb ist das nicht, aber mein Gott, was soll man machen? Ich werde keine Seiten dulden, bei denen es mit selbst im Dunkeln schlecht wird. Entschuldigung. Ich bin da empfindlich. Und wenn ich hinterher erw\u00e4hlen muss, die sch\u00f6ne sch\u00f6ne WordArt \u00dcberschrift sei beim Import in InDesign verloren gegangen. (Ooooooh.) Und mein PC kann leider leider keine Comic Sans lesen. (Oooooooh.) Ich hab mich mittlerweise entschieden, meine Anspruche an Generation Word zu senken, aber ganz den Mund halten, das geht nicht. Entschuldigung. Ich bin da empfindlich.<br \/>\nEs w\u00e4re leichter, wenn mehr Leute meiner Meinung w\u00e4ren. Layoutkompetenz\u00a0Drei ist schon l\u00e4nger aus der Redaktion ausgetreten (Zeitgr\u00fcnde), Layoutkompetenz\u00a0Zwei ist brav und denkt, was ich denke, ist aber viel zu freundlich\u00a0um zu\u00a0widersprechen. Letztendlich machen sie und ich ohnehin die ganz Layoutarbeit alleine, also kann man uns doch&#8230; machen lassen? Als einzige etwas erfahrene Menschen auf diesem Gebiet kann es uns doch freigestellt sein, ob wir nun zum Beispiel die Gr\u00f6\u00dfe der Fotos ver\u00e4ndern. Ein bisschen Ver\u00e4nderung \u00e4tzt ja nicht gleich das Papier weg. Ich mache doch keine Chefredaktion, damit ich alles den Vorg\u00e4ngern nachmache. Da brauche ich gar keine Chefredaktion, weil damit schon alle Entscheidungen getroffen sind.<\/p>\n<p>Jetzt neige ich schon wieder dazu zusammen mit Chrissi (Layoutkompetenz Zwei) den Pfad der dreisten Geheimnistuerei aka Alleingang einzuschlagen und s\u00e4mtlichen anderen Personen das Mitbestimmungsrecht zu entziehen. Das ist dreist und gemein, aber in der gro\u00dfen weiten Welt ist es auch nicht ander, oder? Mir ist immer noch nicht wohl bei der Sache. Ich mag das Mitbestimmungsrecht der Anderen. Aber wenn ich alleine eine Trennseite, so wie<em> ich<\/em> sie gerne h\u00e4tte,\u00a0mache, ausdrucke und herzeige erreichen mich ausschlie\u00dflichlich Lob und Begeisterung, alleine schon weil vorher niemand die M\u00f6glichkeiten, die man h\u00e4tte in Betracht zieht. Das kann man allerdings auch niemandem vorwerfen, weil alle automatisch ein betonierte Trennwand zwischen einer Abizeitung und dem Rest s\u00e4mtlicher Zeitschriften sehen.\u00a0Abizeitung ist ein eigenes Genre, f\u00fcr das Regeln gelten. Diese Regeln sind die der vorigen Jahrg\u00e4nge.<br \/>\nWarum gibt es in der Abizeitung nie Spalten? Warum gibt es so wenige interessante \u00dcberschriften?\u00a0 Warum kam noch niemand auf die Idee, alle Fotos, wie Babyfotos, in eine einheitliche Gr\u00f6\u00dfe zu bringen?<br \/>\nIm Grunde haben wir viel mehr M\u00f6glichkeiten, wir nutzen sie nur nicht. Wir k\u00f6nnten sogar farbig drucken, wenn die Saalmiete f\u00fcr die Abifeier nicht so hoch w\u00e4re. :-) Ich sehe es nicht ein, dass wir Behindertenparkplatz spielen und die Welt, mit s\u00e4mtlichen Vorstellung von Konzept und \u00c4sthetik, an uns vorbeiziehen lassen, weil unser bequemer Parkplatz\u00a0ohnehin f\u00fcr uns frei ist. Egal, was wir tun.<\/p>\n<p>Irgendwann starten sie vielleicht einen Putschversuch. Vielleicht. Aber ich hoffe, dass sie es nicht tun, selbstverst\u00e4ndlich. Vielleicht funktioniert es, dass sie ein bisschen offener werden, und\u00a0Chrissi und ich f\u00fchren dann sch\u00f6n unsere Ideen vor und dann besprechen wir die.. und so weiter.\u00a0Dass wir selbst vor der Anfertigung von Entw\u00fcrfen abgeblockt werden, <em>kann<\/em> nicht funktionieren, oder?<br \/>\nWhatever. Ich werde weiterhin heimlich Seitenentw\u00fcrfe drucken und rumzeigen. Und baue mit damit ein Zelt aus Stolz und Sturheit.<br \/>\nIch bin unausstehlich. Tut mir Leid.<br \/>\nUnd hiermit entschuldige ich mich bereits bei \u00fcber diesen Beitrag entz\u00fcrnten Menschen. Bring euch das n\u00e4chste Mal Kekse mit.<\/p>\n","protected":false},"excerpt":{"rendered":"<p>Bin ich zu stur? Fanatisch? Exzentrisch? Die letzten drie Tage habe ich Lehrerfots nachbearbeitet &#8211;\u00a0 f\u00fcr die Abizeitung. Mein Lieblingsst\u00fcck Arbeit, auch wenn die nat\u00fcrlich noch ganz am Anfang ist. Ich habe mir in den Kopf gesetzt sie besser und sch\u00f6ner zu machen als in den Jahren davor. Das macht selbstverst\u00e4ndlich Ver\u00e4nderung n\u00f6tig. Ver\u00e4nderung ist [&hellip;]<\/p>\n","protected":false},"author":1,"featured_media":0,"comment_status":"open","ping_status":"open","sticky":false,"template":"","format":"standard","meta":[],"categories":[1],"tags":[],"_links":{"self":[{"href":"http:\/\/www.nina-jaeger.de\/blog\/index.php?rest_route=\/wp\/v2\/posts\/600"}],"collection":[{"href":"http:\/\/www.nina-jaeger.de\/blog\/index.php?rest_route=\/wp\/v2\/posts"}],"about":[{"href":"http:\/\/www.nina-jaeger.de\/blog\/index.php?rest_route=\/wp\/v2\/types\/post"}],"author":[{"embeddable":true,"href":"http:\/\/www.nina-jaeger.de\/blog\/index.php?rest_route=\/wp\/v2\/users\/1"}],"replies":[{"embeddable":true,"href":"http:\/\/www.nina-jaeger.de\/blog\/index.php?rest_route=%2Fwp%2Fv2%2Fcomments&post=600"}],"version-history":[{"count":0,"href":"http:\/\/www.nina-jaeger.de\/blog\/index.php?rest_route=\/wp\/v2\/posts\/600\/revisions"}],"wp:attachment":[{"href":"http:\/\/www.nina-jaeger.de\/blog\/index.php?rest_route=%2Fwp%2Fv2%2Fmedia&parent=600"}],"wp:term":[{"taxonomy":"category","embeddable":true,"href":"http:\/\/www.nina-jaeger.de\/blog\/index.php?rest_route=%2Fwp%2Fv2%2Fcategories&post=600"},{"taxonomy":"post_tag","embeddable":true,"href":"http:\/\/www.nina-jaeger.de\/blog\/index.php?rest_route=%2Fwp%2Fv2%2Ftags&post=600"}],"curies":[{"name":"wp","href":"https:\/\/api.w.org\/{rel}","templated":true}]}}