{"id":587,"date":"2009-02-03T19:53:04","date_gmt":"2009-02-03T17:53:04","guid":{"rendered":"http:\/\/www.nina-jaeger.de\/wordpress\/wordpress\/?p=587"},"modified":"2009-02-03T19:53:04","modified_gmt":"2009-02-03T17:53:04","slug":"kommunikation-in-der-anwendung","status":"publish","type":"post","link":"http:\/\/www.nina-jaeger.de\/blog\/?p=587","title":{"rendered":"Kommunikation in der Anwendung"},"content":{"rendered":"<p>Fr\u00fcher gab es an unserer Schule sehr viele Durchsagen. Das mochten besonders die Lehrer irgendwann nicht mehr. Jetzt gibt es nicht mehr so viele Durchsagen. Daf\u00fcr gibt es jetzt kleine Mitteilungen unten auf den Infoscreens, auf denen die Unterrichts\u00e4nderungen stehen.<\/p>\n<p>Leider liest da nun mal keiner. So ergab es sich, dass vor etwa drei Wochen folgene Textzeile auftauchte:<\/p>\n<p><a href=\"http:\/\/www.nina-jaeger.de\/wordpress\/wordpress\/wp-content\/uploads\/2009\/02\/kommunikation.jpg\"><img loading=\"lazy\" class=\"alignnone size-medium wp-image-588\" title=\"kommunikation\" src=\"http:\/\/www.nina-jaeger.de\/wordpress\/wordpress\/wp-content\/uploads\/2009\/02\/kommunikation.jpg\" alt=\"\" width=\"450\" height=\"86\" srcset=\"http:\/\/www.nina-jaeger.de\/blog\/wp-content\/uploads\/2009\/02\/kommunikation.jpg 450w, http:\/\/www.nina-jaeger.de\/blog\/wp-content\/uploads\/2009\/02\/kommunikation-300x57.jpg 300w\" sizes=\"(max-width: 450px) 100vw, 450px\" \/><\/a><\/p>\n<p>Ich habe das eiskalt geglaubt. Warum auch nicht. Ich habe sogar, da ich am gleichen Tag keine Zeit mehr hatte, Mit-Redadkteurin-und-Mit-Deutsch-LKlerin Chrissi zur Redaktion geschickt und gefragt, ob man uns zwei da schon auch miteingeplant hatte, weil man wei\u00df ja nie, ob man uns nicht\u00a0auf die <em>Ihr macht ja dieses Jahr Abi<\/em> Bank schieben will und uns von s\u00e4mtlichen Aktivit\u00e4ten zwangsbefreit oder so.<br \/>\nAlles in Ordnung, sagte die Chrissi sp\u00e4ter, die planen uns schon mit ein.<\/p>\n<p>Termin im Kalender angestrichen.<\/p>\n<p>Heute dann erfahren, dass das auf der Anzeige ein totaler Schwachsinn ist, das ist kein Seminar. Verfasser dieses Quarks: Unbekannt.<\/p>\n<p>Au\u00dfer mir hat das \u00fcbrigens keiner in den drei Wochen bemerkt. Es hat nichtmal jemand bemerkt, dass v\u00f6lliger Mist angezeigt wird, dass mit &#8222;Seminar f\u00fcr Sch\u00fclerzeitungsredakteure&#8220; vermutlich &#8222;Musikfreizeit&#8220; oder so gemeint ist &#8211; die an diesem Termin tats\u00e4chlich stattfindet.<\/p>\n<p><span style=\"text-decoration: line-through;\">Mission Accomplished.<\/span> FAIL.<\/p>\n","protected":false},"excerpt":{"rendered":"<p>Fr\u00fcher gab es an unserer Schule sehr viele Durchsagen. Das mochten besonders die Lehrer irgendwann nicht mehr. Jetzt gibt es nicht mehr so viele Durchsagen. Daf\u00fcr gibt es jetzt kleine Mitteilungen unten auf den Infoscreens, auf denen die Unterrichts\u00e4nderungen stehen. Leider liest da nun mal keiner. So ergab es sich, dass vor etwa drei Wochen [&hellip;]<\/p>\n","protected":false},"author":1,"featured_media":0,"comment_status":"open","ping_status":"open","sticky":false,"template":"","format":"standard","meta":[],"categories":[1],"tags":[],"_links":{"self":[{"href":"http:\/\/www.nina-jaeger.de\/blog\/index.php?rest_route=\/wp\/v2\/posts\/587"}],"collection":[{"href":"http:\/\/www.nina-jaeger.de\/blog\/index.php?rest_route=\/wp\/v2\/posts"}],"about":[{"href":"http:\/\/www.nina-jaeger.de\/blog\/index.php?rest_route=\/wp\/v2\/types\/post"}],"author":[{"embeddable":true,"href":"http:\/\/www.nina-jaeger.de\/blog\/index.php?rest_route=\/wp\/v2\/users\/1"}],"replies":[{"embeddable":true,"href":"http:\/\/www.nina-jaeger.de\/blog\/index.php?rest_route=%2Fwp%2Fv2%2Fcomments&post=587"}],"version-history":[{"count":0,"href":"http:\/\/www.nina-jaeger.de\/blog\/index.php?rest_route=\/wp\/v2\/posts\/587\/revisions"}],"wp:attachment":[{"href":"http:\/\/www.nina-jaeger.de\/blog\/index.php?rest_route=%2Fwp%2Fv2%2Fmedia&parent=587"}],"wp:term":[{"taxonomy":"category","embeddable":true,"href":"http:\/\/www.nina-jaeger.de\/blog\/index.php?rest_route=%2Fwp%2Fv2%2Fcategories&post=587"},{"taxonomy":"post_tag","embeddable":true,"href":"http:\/\/www.nina-jaeger.de\/blog\/index.php?rest_route=%2Fwp%2Fv2%2Ftags&post=587"}],"curies":[{"name":"wp","href":"https:\/\/api.w.org\/{rel}","templated":true}]}}