{"id":40,"date":"2006-10-03T23:01:22","date_gmt":"2006-10-03T21:01:22","guid":{"rendered":"http:\/\/www.nina-jaeger.de\/wordpress\/wordpress\/?p=40"},"modified":"2006-10-03T23:01:22","modified_gmt":"2006-10-03T21:01:22","slug":"und-jetzt-kommt-das-was-der-sz-scheinbar-nicht-gefallen-hat","status":"publish","type":"post","link":"http:\/\/www.nina-jaeger.de\/blog\/?p=40","title":{"rendered":"Und jetzt kommt das, was der SZ scheinbar nicht gefallen hat"},"content":{"rendered":"<p>Ich glaube die S\u00fcddeutsche Zeitung\u00a0hasst mich. Ich habe damals, vor ganz langer Zeit, ein Sommerbild dahin geschickt, an den Lokalteil, weil die im Sommer immer f\u00fcnfzig Bilder abdrucken. Meins haben sie aber nicht abgedruckt. Am Bild kann es nicht liegen, weil es so sch\u00f6n ist, dass ich fast weinen muss, wenn ich es anschaue. ;) Die haben sogar ein Bild von einem <em>Wirsing<\/em> abgedruckt! Oder Bilder von Tieren aus dem Zoo. Oder Bilder, die schon zwanzig Jahre alt waren. Oder\u00a0welche\u00a0die &#8222;digital bearbeitet&#8220; waren, also v\u00f6llig ver\u00e4ndert.\u00a0Aber mein Bild mochte keiner. Ich hoffe den Menschen ist klar, dass sie mir mit dieser diskriminierenden Aktion einen Gro\u00dfteil meiner Lebenfreude genommen haben.<\/p>\n<p>Spa\u00df beiseite. :) Da ist das Bild.\u00a0Einmal darauf licken um es ganz ganz gro\u00df zu sehen. Leider st\u00f6ren die unscharfen Bl\u00fcmchen au\u00dfenrum ein bisschen, aber deshalb ist es auch nicht recht viel h\u00e4sslicher.<\/p>\n<p><a href=\"http:\/\/www.nina-jaeger.de\/wordpress\/wordpress\/wp-content\/uploads\/2006\/10\/sommerbild.jpg\" target=\"_blank\"><img loading=\"lazy\" id=\"image39\" height=\"338\" alt=\"..und es ist doch sch\u00f6n.\" src=\"http:\/\/www.nina-jaeger.de\/wordpress\/wordpress\/wp-content\/uploads\/2006\/10\/panamapanamakuba.jpg\" width=\"450\" \/><\/a><\/p>\n<p>\u00a0<\/p>\n<p>\u00a0<\/p>\n","protected":false},"excerpt":{"rendered":"<p>Ich glaube die S\u00fcddeutsche Zeitung\u00a0hasst mich. Ich habe damals, vor ganz langer Zeit, ein Sommerbild dahin geschickt, an den Lokalteil, weil die im Sommer immer f\u00fcnfzig Bilder abdrucken. Meins haben sie aber nicht abgedruckt. Am Bild kann es nicht liegen, weil es so sch\u00f6n ist, dass ich fast weinen muss, wenn ich es anschaue. ;) [&hellip;]<\/p>\n","protected":false},"author":1,"featured_media":0,"comment_status":"open","ping_status":"open","sticky":false,"template":"","format":"standard","meta":[],"categories":[1],"tags":[],"_links":{"self":[{"href":"http:\/\/www.nina-jaeger.de\/blog\/index.php?rest_route=\/wp\/v2\/posts\/40"}],"collection":[{"href":"http:\/\/www.nina-jaeger.de\/blog\/index.php?rest_route=\/wp\/v2\/posts"}],"about":[{"href":"http:\/\/www.nina-jaeger.de\/blog\/index.php?rest_route=\/wp\/v2\/types\/post"}],"author":[{"embeddable":true,"href":"http:\/\/www.nina-jaeger.de\/blog\/index.php?rest_route=\/wp\/v2\/users\/1"}],"replies":[{"embeddable":true,"href":"http:\/\/www.nina-jaeger.de\/blog\/index.php?rest_route=%2Fwp%2Fv2%2Fcomments&post=40"}],"version-history":[{"count":0,"href":"http:\/\/www.nina-jaeger.de\/blog\/index.php?rest_route=\/wp\/v2\/posts\/40\/revisions"}],"wp:attachment":[{"href":"http:\/\/www.nina-jaeger.de\/blog\/index.php?rest_route=%2Fwp%2Fv2%2Fmedia&parent=40"}],"wp:term":[{"taxonomy":"category","embeddable":true,"href":"http:\/\/www.nina-jaeger.de\/blog\/index.php?rest_route=%2Fwp%2Fv2%2Fcategories&post=40"},{"taxonomy":"post_tag","embeddable":true,"href":"http:\/\/www.nina-jaeger.de\/blog\/index.php?rest_route=%2Fwp%2Fv2%2Ftags&post=40"}],"curies":[{"name":"wp","href":"https:\/\/api.w.org\/{rel}","templated":true}]}}