{"id":214,"date":"2007-09-19T19:23:48","date_gmt":"2007-09-19T17:23:48","guid":{"rendered":"http:\/\/www.nina-jaeger.de\/wordpress\/wordpress\/?p=214"},"modified":"2007-09-19T19:23:48","modified_gmt":"2007-09-19T17:23:48","slug":"als-david-kein-kind-fras","status":"publish","type":"post","link":"http:\/\/www.nina-jaeger.de\/blog\/?p=214","title":{"rendered":"Als David kein Kind fra\u00df"},"content":{"rendered":"<p>Ich gehe jeden Morgen in die Schule. Manchmal auch, wenn ich sp\u00e4ter Schule habe, weil ich vor der Schule in der Schule besser arbeiten kann als Zuhause. So auch heute. Ich bin in die Schule gegangen, zusammen mit meiner Schwester. Wir gehen auf dem Gehsteig an der Stra\u00dfe entlang. Neben dem Gehsteig ist ein Radweg, dann kommt die Stra\u00dfe.<br \/>\nEs wohnen nicht besonders viele Menschen an der Stra\u00dfe. Man sieht selten einen.<br \/>\nUnd dann ist da David. David war eine ganze Zeit nicht da, meine Schwester vermutete, David h\u00e4tte wohl einen Prozess am Hals und m\u00fcsse nun zweihundert Meter Abstand zu den vorgeigehenden Grundsch\u00fclern halten. David ist ungeheur aggressiv. Es wird sogar vermutet, dass ihn die Farbe orange besonders in den Wahnsinn treibt, da er neben dem Fuhrpark der Stadtwerke wohnen muss, wo er Tag f\u00fcr Tag nichts anderes als orange sieht.<br \/>\nHeute war David wieder da. Ich habe ihn nicht geh\u00f6rt, aber da ein panischer Grundsch\u00fcler vor Davids T\u00fcr kehrt machte, und zur\u00fcck rannte, musste er wohl wieder einmal gegen sein Gitter gesprungen sein.<br \/>\nNun stand der Grundsch\u00fcler mitten in der Fuhrparkeinfahrt und traute sich nicht mehr weiter.<br \/>\nIch sprach das arme Kind einmal vorsichtishalber nett an, vielleicht etwas zu freundlich, on er denn Angst vor dem <em>b\u00f6sen Hund<\/em> da habe. &#8222;Ich hasse diesen Hund,&#8220; fl\u00fcsterte er &#8222;Ich habe Angst, dass er mich fressen will.&#8220;<br \/>\nIch erz\u00e4hlte ihm darauf irgendetwas ungeheuer P\u00e4dagogisches, was, wei\u00df ich nicht mehr, aber der kleine Junge entschloss sich darauf doch, sich an David vorbeizuwagen. (Es muss\u00a0slso schon sehr p\u00e4dagogisch gewesen sein.)\u00a0Vorsichtshalber hielt ich im meine Hand hin, die wollte er aber nicht. Lieber balancierte auf dem Randstein vom Radweg, ganz dicht an der Stra\u00dfe. Die vorbeirasenden Lastautos schienen ihn nicht so sehr zu st\u00f6ren wie David, der auf seinem Grundst\u00fcck zweifelsohne sein Bestes gab. Meine abgelehte Hand hielt ich aber vorsichtshalber bereit, falls das Balancieren anfangen sollte, gef\u00e4hrlich auszusehen. Der Grundsch\u00fcler war jedoch hoch konzentriert und murmelte vor sich hin, dass er sich sicher w\u00e4re, dass David ihn gerne zum Fr\u00fchst\u00fcck gefressen h\u00e4tte.<br \/>\nDavid behauptete das auch, streckte seine Schnauze durch s\u00e4mtliche L\u00f6cher im Davidk\u00e4fig, die er selbst hineingebissen hatte. David hat in seinem Zaun jede Menge solcher L\u00f6cher, die er immer wieder benutzt, wenn er seine Opfern bis zum ende das Zauns verfolgt. Durch das eine haut er mit der Pfote, durch das andere passt die Schnauze und hier und da ist der Zaun noch in Ordnung, da kann er sich nur ein wenig in den Zaun hineinbei\u00dfen.<br \/>\nDabei macht David wahnsinnig viele Davidger\u00e4usche, was au\u00dfer ihm kein anderer Hund kann. Tats\u00e4chlich ist es so, dass David seinen Namen wegen dieser Ger\u00e4usche bekommen hat.<\/p>\n<p>Er r\u00f6chelt n\u00e4mlich genauso wie der Werwolf in &#8222;American Werewolf&#8220;. (Der tats\u00e4chlich Kinder frisst, aber das muss man den Grundsch\u00fclern ja nicht erz\u00e4hlen.)<\/p>\n","protected":false},"excerpt":{"rendered":"<p>Ich gehe jeden Morgen in die Schule. Manchmal auch, wenn ich sp\u00e4ter Schule habe, weil ich vor der Schule in der Schule besser arbeiten kann als Zuhause. So auch heute. Ich bin in die Schule gegangen, zusammen mit meiner Schwester. Wir gehen auf dem Gehsteig an der Stra\u00dfe entlang. Neben dem Gehsteig ist ein Radweg, [&hellip;]<\/p>\n","protected":false},"author":1,"featured_media":0,"comment_status":"open","ping_status":"open","sticky":false,"template":"","format":"standard","meta":[],"categories":[1],"tags":[],"_links":{"self":[{"href":"http:\/\/www.nina-jaeger.de\/blog\/index.php?rest_route=\/wp\/v2\/posts\/214"}],"collection":[{"href":"http:\/\/www.nina-jaeger.de\/blog\/index.php?rest_route=\/wp\/v2\/posts"}],"about":[{"href":"http:\/\/www.nina-jaeger.de\/blog\/index.php?rest_route=\/wp\/v2\/types\/post"}],"author":[{"embeddable":true,"href":"http:\/\/www.nina-jaeger.de\/blog\/index.php?rest_route=\/wp\/v2\/users\/1"}],"replies":[{"embeddable":true,"href":"http:\/\/www.nina-jaeger.de\/blog\/index.php?rest_route=%2Fwp%2Fv2%2Fcomments&post=214"}],"version-history":[{"count":0,"href":"http:\/\/www.nina-jaeger.de\/blog\/index.php?rest_route=\/wp\/v2\/posts\/214\/revisions"}],"wp:attachment":[{"href":"http:\/\/www.nina-jaeger.de\/blog\/index.php?rest_route=%2Fwp%2Fv2%2Fmedia&parent=214"}],"wp:term":[{"taxonomy":"category","embeddable":true,"href":"http:\/\/www.nina-jaeger.de\/blog\/index.php?rest_route=%2Fwp%2Fv2%2Fcategories&post=214"},{"taxonomy":"post_tag","embeddable":true,"href":"http:\/\/www.nina-jaeger.de\/blog\/index.php?rest_route=%2Fwp%2Fv2%2Ftags&post=214"}],"curies":[{"name":"wp","href":"https:\/\/api.w.org\/{rel}","templated":true}]}}