{"id":187,"date":"2007-07-12T19:33:57","date_gmt":"2007-07-12T18:33:57","guid":{"rendered":"http:\/\/www.nina-jaeger.de\/wordpress\/wordpress\/?p=187"},"modified":"2007-07-12T19:33:57","modified_gmt":"2007-07-12T18:33:57","slug":"im-arsch","status":"publish","type":"post","link":"http:\/\/www.nina-jaeger.de\/blog\/?p=187","title":{"rendered":"&quot;Im Arsch&quot;"},"content":{"rendered":"<p>Relistunde. ein Mitsch\u00fcler knallt mir das Absentenheft auf den Tisch. Ob ich mich darum k\u00fcmmern k\u00f6nne, er m\u00f6chte jetzt n\u00e4mlich heim. Ich sage, dass ich das nat\u00fcrlich kann, schlage das Heft auch und frage ihn, was ihm fehlt. Ich solle bitte niemanden eintragen, sondern es nur zur richtigen Zeit zur\u00fcck ins Sekretariat bringen. Ich lasse ihn wissen, dass ich doch w\u00fcnsche, in solche Vorhaben nicht hineingezogen werden und er solle seinen Mist gegebenenfalls alleine praktizieren.<\/p>\n<p>Der Mitsch\u00fcler setzt eine Leidensmiene auf und bettelt um mein Verst\u00e4ndnis. \u201eWir sind doch heute alle im Arsch\u201c, sagt er, und ob ich nicht hier wenigstens ein bisschen\u00a0Mitgef\u00fchl zeigen k\u00f6nnte. (\u00c4h.. nein. Er wird es trotz seiner schwerwiegenden Leiden ja wohl noch schaffen, in den ersten Stock zu gehen.)<\/p>\n<p>Hm.<\/p>\n<p>Ich pers\u00f6nlich war ja nicht \u201eim Arsch\u201c. Ein bisschen vielleicht, das Wetter.<\/p>\n<p>Aber andere Sch\u00fcler.<\/p>\n<p>Okay, okay. Ich sage nichts mehr gegen ihren Lateinmarsch. Ich finde es immer noch wenig sinnvoll, aber lassen wir ihnen ihren sinnfreien Spa\u00df. Was die in den Pausen mit Bettlaken umwickelt auf dem Pausenhof auff\u00fchren, kann mir ja egal sein. Anderes ist mir vielleicht nicht ganz so egal.<\/p>\n<p>Sagen wir es einmal so, ich habe heute eine Menge Dinge geh\u00f6rt, die ich gar nicht h\u00f6ren wollte. Dinge, von der Lateinmarschparty gestern. Ich wei\u00df, wer seinen Mageninhalt am Veranstaltungsort gelassen hat, \u00a0ich wei\u00df, wer fast eine Flasche Wodka gesoffen hat, wer so betrunken war, dass er begann Klopapier zu verschenken und wer sich zwischendrin von jemand anderem im Auto in ein Waldst\u00fcck verziehen lie\u00df. Nein, das wollte ich nicht wissen.<\/p>\n<p>Ach ja, das war, weil sie Latein abgelegt haben. Deshalb haben sie gestern genug Vorarbeit geleistet, um sich heute \u201eim Arsch\u201c zu f\u00fchlen. Gut, es waren nicht nur die Lateiner sondern auch ein paar Franzosen, sie zwar nicht auf die Party durften, aber gegen ein bisschen Solidarit\u00e4tssaufen hatte wohl niemand viel.<\/p>\n<p>Scheinbar haben sie gestern die heutige Aktion geplant Ein paar Sch\u00fcler, die, die am gestrigen Abend ihre Konzentration lange genug behalten konnten.<\/p>\n<p>Von der Planung her und den Umst\u00e4nden der Planung, w\u00e4re die Aktion, von der Gestaltung her, gar nicht so schlecht gewesen. Allerdings, ich glaube, es h\u00e4tte geholfen, wenn weniger \u201eim Arsch\u201c gewesen w\u00e4ren.<\/p>\n<p>Wir Franzosen hatten ja Unterricht, auch wenn selbst wir nicht ganz vollz\u00e4hlig waren. Zweite Stunde, Geschichte haben wir uns gerade einen Unterrichtsfilm \u00fcber Napoleon angeschaut, als die Marschmenschen hereinkamen. Wir haben sie nicht gro\u00df geachtet, sie haben uns nicht gro\u00df beachtet. Sie kamen mir teilweise etwas geistesabwesend vor, angef\u00fchrt von einigen mit schwarzer Sch\u00e4rpe (Die, die das Latinum nicht bekommen haben) die am lautesten \u201eSo sehen Sieger aus Sha-lala-lala\u201c br\u00fcllten. Ich vermute, das hatte einen psychologischen Hintergrund. wir sa\u00dfen da, haben sie etwas verst\u00e4ndnislos angeschaut und uns gr\u00f6\u00dftenteils auf Napoleon konzentriert.<\/p>\n<p>Die Lateiner nehmen uns das nicht besonders \u00fcbel glaube ich. Die denken, wir seien neidisch auf ihre Aktion. Ach was. Wir k\u00f6nnten auch etwas machen, wenn wir <em>wollten<\/em>. Wir feiern ja auch nicht am Ende der Zehnten <s>die Mittlere Reife<\/s> den Mittleren Schulabschluss, was an manchen anderen Gymnasien auch eine \u201eTradition\u201c ist.<\/p>\n<p>Man muss ja nicht \u00fcberall mitmachen. Apropos mitmachen, man hat mir erkl\u00e4rt, die Lateiner seien f\u00fcr die ersten drei Stunden befreit. \u00a0Ich w\u00fcrde sagen, dass die Sch\u00fclerdichte in den darauf folgenden Stunden auch noch recht gering war. In Kunst waren wir nicht einmal mehr zehn (Gut, ein paar haben auch Musik. Trotzdem h\u00e4tten wir viel mehr sein sollen), von beiden Fraktionen waren Teile verschwunden. Zwei Lateiner waren da, also schlie\u00dfe ich daraus einmal, dass die Gruppe der Lateiner an sich in dieser Stunde nichts gemacht hat.<\/p>\n<p>Der Rest der Stunden war gepr\u00e4gt diversen Jammereien \u00fcber Kopfschmerzen und M\u00fcdigkeit. \u00a0<\/p>\n<p>Mittags war dann die Gruppe Sch\u00fcler, die in Italien auf einem Austausch waren zum Pizzaessen eingeladen. Sie haben sich Pizza bestellt und dann in der Schule gegessen. Wir haben demokratisch entschieden, dass wir vier noch \u00fcbrige Sch\u00fcler, die weder im Austausch, noch im Arsch waren, es nett gefunden h\u00e4tten, wenn wir auch eine Pizza angeboten bekommen h\u00e4tten. Wir hatten ja zeitgleich Mittagspause und h\u00e4tten die Pizza selbstverst\u00e4ndlich auch gezahlt und meinetwegen vor der T\u00fcr gegessen. (F\u00fcr Selbstholen war die Zeit zu knapp, die anderen Pizzen wurden n\u00e4mlich schon am Vortag bestellt.) Es ist n\u00e4mlich so, dass hungrige Sch\u00fcler es nicht ganz so toll finden, wenn das gesamte Stockwerk mit dem Geruch von drei\u00dfig frischen Pizzen erf\u00fcllt wird, die wir nicht anfassen d\u00fcrfen. Man muss uns ja \u00e4rgern, verstehe ich schon. Aber ich dachte, das angemessene Ma\u00df an \u00c4rgern w\u00e4re damit erricht, dass die Austauschteil im einen Raum Plakate bastelte w\u00e4hrend wir im anderen Arbeitsbl\u00e4tter \u00fcber Zeitformen machen sollten. (Aber: Die duftende Pizza war viel, viel gemeiner.)<\/p>\n<p>Liebes Tagebuch, heute habe ich gelernt, dass sich ein Gro\u00dfteil meiner Mitsch\u00fcler doch noch weniger beherrschen kann. Weder vorher noch nachher. (Wenn sie sich schon an einem Mittwochabend besaufen m\u00fcssen, k\u00f6nnte sie ja wenigstens am Donnerstag ihr Gejammer f\u00fcr sich behalten. Und es eventuell in Anbetracht ziehen, am Unterricht teilzunehmen, wenn sie es eigentlich m\u00fcssten.) \u00a0<\/p>\n<p>Schade f\u00fcr die Leute, die sich, (trotz dem fragw\u00fcrdigen Sinn der ganzen Aktion) bem\u00fcht hatten.<\/p>\n<p>\u00a0<\/p>\n<p>&#8222;Wir sollten echt\u201c, sagt eine Mitsch\u00fclerin von mir \u201eam Ende des Jahres ein Klassenfest machen. Weil wir seit der F\u00fcnften eine Klasse sind.\u201c Ich stehe von meinem Stuhl auf mit dem Ziel, etwas dagegen zu sagen, da die Aussage von der Person stammt, die angibt, sie f\u00fchle sich gest\u00f6rt von den Putzfrauen, weil jemand <em>ihre<\/em> Schule putzt, der nur ein Drittel <em>ihres<\/em> IQs habe, und ich an solchen Tagen au\u00dferordentliche Probleme mit Toleranz habe. Da ist mir lieber, jemand erz\u00e4hlt mir etwas Unanfechtbares.<\/p>\n<p>&#8222;Vergiss es\u201c, sage ich \u201ef\u00fcr eine Party w\u00fcrde niemand die Organisation oder Verantwortung \u00fcbernehmen wollen und f\u00fcr ein Essen oder \u201egem\u00fctliches Beisammensein\u201c, was \u00fcbrigens viel sinnvoller w\u00e4re, sind wir, denke ich mal, nicht zivilisiert genug.\u201c<\/p>\n<p>Ich glaube, ich habe (trotz fehlender Toleranz) Recht. An sich. Im Prinzip k\u00f6nnten sich die meisten schon zusammenrei\u00dfen. Aber sie wollen es nicht wirklich. Sie w\u00fcrden sich ja nie freiwillig ein Fest mit einer angemessenen Menge an Genussmitteln, ohne fremde \u201eFreunde\u201c und mit ein paar Aufsichtspersonen (<em>harhar<\/em>) w\u00fcnschen. Und ohne Waldst\u00fcck.<\/p>\n<p>Wenn sie die Wahl h\u00e4tten, w\u00fcrden sie sich wahrscheinlich nicht daf\u00fcr entscheiden.<\/p>\n<p>Aber ich lie\u00dfe mich gerne vom Gegenteil \u00fcberzeugen.<\/p>\n<p>\u00a0<\/p>\n","protected":false},"excerpt":{"rendered":"<p>Relistunde. ein Mitsch\u00fcler knallt mir das Absentenheft auf den Tisch. Ob ich mich darum k\u00fcmmern k\u00f6nne, er m\u00f6chte jetzt n\u00e4mlich heim. Ich sage, dass ich das nat\u00fcrlich kann, schlage das Heft auch und frage ihn, was ihm fehlt. Ich solle bitte niemanden eintragen, sondern es nur zur richtigen Zeit zur\u00fcck ins Sekretariat bringen. Ich lasse [&hellip;]<\/p>\n","protected":false},"author":1,"featured_media":0,"comment_status":"open","ping_status":"open","sticky":false,"template":"","format":"standard","meta":[],"categories":[1],"tags":[],"_links":{"self":[{"href":"http:\/\/www.nina-jaeger.de\/blog\/index.php?rest_route=\/wp\/v2\/posts\/187"}],"collection":[{"href":"http:\/\/www.nina-jaeger.de\/blog\/index.php?rest_route=\/wp\/v2\/posts"}],"about":[{"href":"http:\/\/www.nina-jaeger.de\/blog\/index.php?rest_route=\/wp\/v2\/types\/post"}],"author":[{"embeddable":true,"href":"http:\/\/www.nina-jaeger.de\/blog\/index.php?rest_route=\/wp\/v2\/users\/1"}],"replies":[{"embeddable":true,"href":"http:\/\/www.nina-jaeger.de\/blog\/index.php?rest_route=%2Fwp%2Fv2%2Fcomments&post=187"}],"version-history":[{"count":0,"href":"http:\/\/www.nina-jaeger.de\/blog\/index.php?rest_route=\/wp\/v2\/posts\/187\/revisions"}],"wp:attachment":[{"href":"http:\/\/www.nina-jaeger.de\/blog\/index.php?rest_route=%2Fwp%2Fv2%2Fmedia&parent=187"}],"wp:term":[{"taxonomy":"category","embeddable":true,"href":"http:\/\/www.nina-jaeger.de\/blog\/index.php?rest_route=%2Fwp%2Fv2%2Fcategories&post=187"},{"taxonomy":"post_tag","embeddable":true,"href":"http:\/\/www.nina-jaeger.de\/blog\/index.php?rest_route=%2Fwp%2Fv2%2Ftags&post=187"}],"curies":[{"name":"wp","href":"https:\/\/api.w.org\/{rel}","templated":true}]}}