{"id":180,"date":"2007-07-06T22:07:17","date_gmt":"2007-07-06T21:07:17","guid":{"rendered":"http:\/\/www.nina-jaeger.de\/wordpress\/wordpress\/?p=180"},"modified":"2007-07-06T22:07:17","modified_gmt":"2007-07-06T21:07:17","slug":"vor-ein-paar-minuten","status":"publish","type":"post","link":"http:\/\/www.nina-jaeger.de\/blog\/?p=180","title":{"rendered":"Vor ein paar Minuten"},"content":{"rendered":"<p>Wir haben gerade Volksfest bei uns in der Stadt. Volkfest, das ist das, was f\u00fcr Drei- bis Zehnj\u00e4hrige interessant ist und eine manche zwischen 14 und zwanzig. An sich ist das Volkfest sehr langweilig und sehr klein, nett ist vielleicht das Essen, gebrannte Mandeln und so. Abgesehen von einer T\u00fcte Mandeln, wenn ich zuf\u00e4llig vorbeikam, wollte ich schon lange nichts mehr vom Volksfest. Ich war einmal mit Menschen aus meiner Klasse dort, das ist auch schon ein bisschen her. Die waren verr\u00fcckt nach Plastikrosenschie\u00dfen, ich war nie so begeistert davon. Man muss wissen, seit jemand vor etlichen Jahren w\u00e4hrend eines Volksfestes nachts seine (gro\u00dfe) Notdurft in unserer einfahrt verrichtet hat und anschlie\u00dfend, am n\u00e4chsten Vormittag eine Plastikrose, als Entschuldigung, in sein Werk gesteckt hat, kann ich mich mit ihnen nicht anfreunden.<\/p>\n<p><img loading=\"lazy\" id=\"image177\" height=\"408\" alt=\"volksfeuer01.jpg\" src=\"http:\/\/www.nina-jaeger.de\/wordpress\/wordpress\/wp-content\/uploads\/2007\/07\/volksfeuer01.jpg\" width=\"450\" \/><\/p>\n<p>Jedenfalls dauert das Volksfest zwei Wochen und am Wochenende dazwischen gibt&#8217;s ein Feuerwerk von der Stadt. Zuf\u00e4llig wohne ich von der Feruerwerkswiese nur ein paar hundert Meter entfernt, deswegen kann man das von der Haust\u00fcre aus gut anschauen. Ich habe grad in v\u00f6lliger Unkonzentration zur n\u00e4chstbesten Kamera gegriffen, nicht einmal richtig eingestellt, und ein paar Fotos gemacht, die erstaunlicherweise nicht schwarz sind, wie sie immer im &#8222;Feuerwerksmodus&#8220; wurden.<\/p>\n<p><img loading=\"lazy\" id=\"image178\" height=\"408\" alt=\"volksfeuer02.jpg\" src=\"http:\/\/www.nina-jaeger.de\/wordpress\/wordpress\/wp-content\/uploads\/2007\/07\/volksfeuer02.jpg\" width=\"450\" \/><\/p>\n<p><img loading=\"lazy\" id=\"image179\" height=\"408\" alt=\"volksfeuer03.jpg\" src=\"http:\/\/www.nina-jaeger.de\/wordpress\/wordpress\/wp-content\/uploads\/2007\/07\/volksfeuer03.jpg\" width=\"450\" \/><\/p>\n<p>Naja, wenigstens habe ich das jetzt auch fotografiert, das Stadtfeuerwerk, das wenigstens so ist, wie ein Feuerwerk geh\u00f6rt. (F\u00fcr mich ist ein Feuerwerk immer noch gro\u00df und rund und in der Luft, das gibt es ja an Silvester hier nicht.)<\/p>\n","protected":false},"excerpt":{"rendered":"<p>Wir haben gerade Volksfest bei uns in der Stadt. Volkfest, das ist das, was f\u00fcr Drei- bis Zehnj\u00e4hrige interessant ist und eine manche zwischen 14 und zwanzig. An sich ist das Volkfest sehr langweilig und sehr klein, nett ist vielleicht das Essen, gebrannte Mandeln und so. Abgesehen von einer T\u00fcte Mandeln, wenn ich zuf\u00e4llig vorbeikam, [&hellip;]<\/p>\n","protected":false},"author":1,"featured_media":0,"comment_status":"open","ping_status":"open","sticky":false,"template":"","format":"standard","meta":[],"categories":[1],"tags":[],"_links":{"self":[{"href":"http:\/\/www.nina-jaeger.de\/blog\/index.php?rest_route=\/wp\/v2\/posts\/180"}],"collection":[{"href":"http:\/\/www.nina-jaeger.de\/blog\/index.php?rest_route=\/wp\/v2\/posts"}],"about":[{"href":"http:\/\/www.nina-jaeger.de\/blog\/index.php?rest_route=\/wp\/v2\/types\/post"}],"author":[{"embeddable":true,"href":"http:\/\/www.nina-jaeger.de\/blog\/index.php?rest_route=\/wp\/v2\/users\/1"}],"replies":[{"embeddable":true,"href":"http:\/\/www.nina-jaeger.de\/blog\/index.php?rest_route=%2Fwp%2Fv2%2Fcomments&post=180"}],"version-history":[{"count":0,"href":"http:\/\/www.nina-jaeger.de\/blog\/index.php?rest_route=\/wp\/v2\/posts\/180\/revisions"}],"wp:attachment":[{"href":"http:\/\/www.nina-jaeger.de\/blog\/index.php?rest_route=%2Fwp%2Fv2%2Fmedia&parent=180"}],"wp:term":[{"taxonomy":"category","embeddable":true,"href":"http:\/\/www.nina-jaeger.de\/blog\/index.php?rest_route=%2Fwp%2Fv2%2Fcategories&post=180"},{"taxonomy":"post_tag","embeddable":true,"href":"http:\/\/www.nina-jaeger.de\/blog\/index.php?rest_route=%2Fwp%2Fv2%2Ftags&post=180"}],"curies":[{"name":"wp","href":"https:\/\/api.w.org\/{rel}","templated":true}]}}