{"id":145,"date":"2007-05-24T22:35:23","date_gmt":"2007-05-24T21:35:23","guid":{"rendered":"http:\/\/www.nina-jaeger.de\/wordpress\/wordpress\/?p=145"},"modified":"2007-05-24T22:35:23","modified_gmt":"2007-05-24T21:35:23","slug":"eigetnlich-will-ich-ja-gar-nicht","status":"publish","type":"post","link":"http:\/\/www.nina-jaeger.de\/blog\/?p=145","title":{"rendered":"Eigetnlich will ich ja gar nicht"},"content":{"rendered":"<p>Die Ferien klopfen an die T\u00fcr. Im Moment bin ich nicht so begeistert davon, ehrlich gesagt. Da ist einmal die Tatsache, dass die Ferien mehr nach Arbeit riechen als die Nachmittage und Abende jetzt gerade. Normalerweise k\u00f6nnte man ja den ganzen Schulkram f\u00fcr zwei Wochen vergessen (und dann sind es erst richtige <em>Ferien<\/em>), aber ich wei\u00df ja jetzt schon, dass es reichlich dumm w\u00e4re, das zu tun. Also d\u00fcrfen die Deutschlekt\u00fcre, das DELF \u00dcbungsheft und der Standartschulkram erst einmal mit mir in den &#8222;Urlaub&#8220; fliegen. Da freuen sie sich bestimmt.<\/p>\n<p>Es schreckt mich doch ein bisschen ab, dass ich jetzt noch nicht wei\u00df, ob ich \u00fcberhaupt einmal einen Tag gar nichts machen muss und ob mir dann der Kram im Hinterkopf die Pausen versauen wird. Bisher habe ich noch alles geschafft, was ich an Schulzeug in der Ferien machen wollte, aber trotzdem schmeckt alles so ein bisschen bitterer. :-)<\/p>\n<p>Dann ist da noch der Flug. Ein Nachtflug. Nachtfl\u00fcge sind praktisch f\u00fcr Leute, die in Flugzeugen schlafen k\u00f6nnen. Zu denen geh\u00f6re ich nicht. Und wenn man nciht zu denen geh\u00f6rt, sind Nachtfl\u00fcge grausam. Es ist ganz dunkel, so dass man eigentlich nichts lesen kann, ohne andere Leute zu st\u00f6ren, und es ist schrecklich langweilig. Stundenlang einfach nur so dazusitzen ist grausam. Viele Flugzeuge haben wenigstens Fernseher f\u00fcr jeden, da kann man wenigstens Filmchen schauen. Das Flugzeug, mit dem ich fliege, nicht. Habe mich extra informiert. Dann kommt da noch die Tatsache dazu, dass man nat\u00fcrlich nach der Landung todm\u00fcde ist, aber dann ist es am Zielort schon morgen und man kann schlecht ins Bett gehen. Beim letzten Nachtflug habe ich am St\u00fcck vierzig Stunden gar nicht geschlafen. Gibt lustigere Dinge.<\/p>\n<p>Ich d\u00fcrfte gar nicht \u00fcber das alles nachdenken. Das sind alles Dinge, die eigentlich nur grausam sind, wenn man zu viel \u00fcber sie nachdenkt.<\/p>\n","protected":false},"excerpt":{"rendered":"<p>Die Ferien klopfen an die T\u00fcr. Im Moment bin ich nicht so begeistert davon, ehrlich gesagt. Da ist einmal die Tatsache, dass die Ferien mehr nach Arbeit riechen als die Nachmittage und Abende jetzt gerade. Normalerweise k\u00f6nnte man ja den ganzen Schulkram f\u00fcr zwei Wochen vergessen (und dann sind es erst richtige Ferien), aber ich [&hellip;]<\/p>\n","protected":false},"author":1,"featured_media":0,"comment_status":"open","ping_status":"open","sticky":false,"template":"","format":"standard","meta":[],"categories":[1],"tags":[],"_links":{"self":[{"href":"http:\/\/www.nina-jaeger.de\/blog\/index.php?rest_route=\/wp\/v2\/posts\/145"}],"collection":[{"href":"http:\/\/www.nina-jaeger.de\/blog\/index.php?rest_route=\/wp\/v2\/posts"}],"about":[{"href":"http:\/\/www.nina-jaeger.de\/blog\/index.php?rest_route=\/wp\/v2\/types\/post"}],"author":[{"embeddable":true,"href":"http:\/\/www.nina-jaeger.de\/blog\/index.php?rest_route=\/wp\/v2\/users\/1"}],"replies":[{"embeddable":true,"href":"http:\/\/www.nina-jaeger.de\/blog\/index.php?rest_route=%2Fwp%2Fv2%2Fcomments&post=145"}],"version-history":[{"count":0,"href":"http:\/\/www.nina-jaeger.de\/blog\/index.php?rest_route=\/wp\/v2\/posts\/145\/revisions"}],"wp:attachment":[{"href":"http:\/\/www.nina-jaeger.de\/blog\/index.php?rest_route=%2Fwp%2Fv2%2Fmedia&parent=145"}],"wp:term":[{"taxonomy":"category","embeddable":true,"href":"http:\/\/www.nina-jaeger.de\/blog\/index.php?rest_route=%2Fwp%2Fv2%2Fcategories&post=145"},{"taxonomy":"post_tag","embeddable":true,"href":"http:\/\/www.nina-jaeger.de\/blog\/index.php?rest_route=%2Fwp%2Fv2%2Ftags&post=145"}],"curies":[{"name":"wp","href":"https:\/\/api.w.org\/{rel}","templated":true}]}}