{"id":123,"date":"2007-03-28T17:14:29","date_gmt":"2007-03-28T16:14:29","guid":{"rendered":"http:\/\/www.nina-jaeger.de\/wordpress\/wordpress\/?p=123"},"modified":"2007-03-28T17:14:29","modified_gmt":"2007-03-28T16:14:29","slug":"wiedersehen-mit-dem-hunde","status":"publish","type":"post","link":"http:\/\/www.nina-jaeger.de\/blog\/?p=123","title":{"rendered":"Wiedersehen mit dem Hunde"},"content":{"rendered":"<p>\u00a0Auf meinem Schulweg in der Grundschule kam ich jedem Tag an diesem Schild vorbei:<\/p>\n<p><img loading=\"lazy\" id=\"image122\" height=\"297\" alt=\"hunde.jpg\" src=\"http:\/\/www.nina-jaeger.de\/wordpress\/wordpress\/wp-content\/uploads\/2007\/03\/hunde.jpg\" width=\"400\" \/><\/p>\n<p>Ich habe mich jedesmal gefragt, warum es &#8222;Hunde&#8220; hei\u00dft. Ich habe mit anderen dar\u00fcber diskutiert, dass das doch &#8222;h\u00f6chstens im Gedicht&#8220; &#8222;Hunde&#8220; hei\u00dfen darf. Wir stempelten damals die Besitzer dieses Schildes als pseudolustig ab. Heute kam ich wieder an dem Schild vorbei.\u00a0Es hat mich\u00a0 nicht mehr gest\u00f6rt, das da &#8222;Hunde&#8220; steht.\u00a0Viel mehr st\u00f6rt es mich, dass man &#8222;dem Hunde&#8220; und &#8222;dem Pferde&#8220; sagen k\u00f6nnte, aber\u00a0&#8222;dem Leoparde&#8220; so bl\u00f6d klingt.\u00a0Bei Tieren,\u00a0dich nicht auf -d enden bin\u00a0ich auch auf noch keinen gr\u00fcnen Zwei gekommen. &#8222;Dem Kamele&#8220; klingt auch bl\u00f6d, aber bei weitem nicht so bl\u00f6d wie &#8222;dem Igele&#8220;. Wenn es &#8222;dem Falken&#8220; oder &#8222;dem Schimpansen&#8220; hei\u00dft, warum nicht &#8222;dem Giraffen&#8220;? Oder &#8222;Dem Delfinen?&#8220; Das hat bestimmt wieder alles eine halb logische Erkl\u00e4rung. Irgendwas mit Herkunft der W\u00f6rter oder so.<\/p>\n<p>Man h\u00e4tte auch &#8222;dem Hund&#8220; auf das Schild schreiben k\u00f6nnen, das w\u00e4re das Problem f\u00fcr mich nie entstanden. \u00a0<\/p>\n<p>Nachtrag: &#8222;Dem Affen&#8220; ist sch\u00f6n, aber, wie gesagt, &#8222;dem <em>Gir<\/em>affen&#8220; nicht. (Ja, ich wei\u00df, dass es <em>der<\/em> Giraffe hei\u00dft.)<\/p>\n","protected":false},"excerpt":{"rendered":"<p>\u00a0Auf meinem Schulweg in der Grundschule kam ich jedem Tag an diesem Schild vorbei: Ich habe mich jedesmal gefragt, warum es &#8222;Hunde&#8220; hei\u00dft. Ich habe mit anderen dar\u00fcber diskutiert, dass das doch &#8222;h\u00f6chstens im Gedicht&#8220; &#8222;Hunde&#8220; hei\u00dfen darf. Wir stempelten damals die Besitzer dieses Schildes als pseudolustig ab. Heute kam ich wieder an dem Schild [&hellip;]<\/p>\n","protected":false},"author":1,"featured_media":0,"comment_status":"open","ping_status":"open","sticky":false,"template":"","format":"standard","meta":[],"categories":[1],"tags":[],"_links":{"self":[{"href":"http:\/\/www.nina-jaeger.de\/blog\/index.php?rest_route=\/wp\/v2\/posts\/123"}],"collection":[{"href":"http:\/\/www.nina-jaeger.de\/blog\/index.php?rest_route=\/wp\/v2\/posts"}],"about":[{"href":"http:\/\/www.nina-jaeger.de\/blog\/index.php?rest_route=\/wp\/v2\/types\/post"}],"author":[{"embeddable":true,"href":"http:\/\/www.nina-jaeger.de\/blog\/index.php?rest_route=\/wp\/v2\/users\/1"}],"replies":[{"embeddable":true,"href":"http:\/\/www.nina-jaeger.de\/blog\/index.php?rest_route=%2Fwp%2Fv2%2Fcomments&post=123"}],"version-history":[{"count":0,"href":"http:\/\/www.nina-jaeger.de\/blog\/index.php?rest_route=\/wp\/v2\/posts\/123\/revisions"}],"wp:attachment":[{"href":"http:\/\/www.nina-jaeger.de\/blog\/index.php?rest_route=%2Fwp%2Fv2%2Fmedia&parent=123"}],"wp:term":[{"taxonomy":"category","embeddable":true,"href":"http:\/\/www.nina-jaeger.de\/blog\/index.php?rest_route=%2Fwp%2Fv2%2Fcategories&post=123"},{"taxonomy":"post_tag","embeddable":true,"href":"http:\/\/www.nina-jaeger.de\/blog\/index.php?rest_route=%2Fwp%2Fv2%2Ftags&post=123"}],"curies":[{"name":"wp","href":"https:\/\/api.w.org\/{rel}","templated":true}]}}