{"id":120,"date":"2007-03-21T21:07:49","date_gmt":"2007-03-21T20:07:49","guid":{"rendered":"http:\/\/www.nina-jaeger.de\/wordpress\/wordpress\/?p=120"},"modified":"2007-03-21T21:07:49","modified_gmt":"2007-03-21T20:07:49","slug":"murphys-law-lasst-grusen","status":"publish","type":"post","link":"http:\/\/www.nina-jaeger.de\/blog\/?p=120","title":{"rendered":"Murphy&#039;s Law l\u00e4sst gr\u00fc\u00dfen"},"content":{"rendered":"<p>Ich glaube jemand kann mich nicht leiden.<\/p>\n<p>Ich habe ja gesagt, dass eine Freundin von mir aus England morgen in M\u00fcnchen ist. Normalerweise h\u00e4tte ich da sch\u00f6n nach der Schule hinfahren k\u00f6nnen. Normalerweise h\u00e4tte ich um 14:45 Schluss gehabt, das ist seit Wochen so, da mein Physiklehrer seit Wochen krank ist Er h\u00e4tte erst nach den Ferien kommen sollen. Das haben auch andere Lehrer berichtet.<\/p>\n<p>Allerdings dachte unser Physiklehrer, er k\u00f6nnte ja eigentlich trotzdem zur Arbeit gehen, eine eingegipste Hand schr\u00e4nkt ja die Redef\u00e4higkeit nicht ein. Obwohl er offiziell noch krank ist. Das ist gut f\u00fcr die Allgemeinheit der Sch\u00fcler, wir verpassen weniger Stoff, verlieren nicht ganz den Faden und so weiter. Leider bedeutet das gleichzeitig, dass ich morgen in der sechsten Stunde Physik habe und nicht Franz\u00f6sisch, sowie dass Franz\u00f6sisch in der Achten stattfindet und nicht Italienisch, das habe ich n\u00e4mlich in der Zehnten.\u00a0Dann habe ich um 16:30 aus.\u00a0Verdammt. Kein M\u00fcnchen.<\/p>\n<p>Das richtig gemeine ist, dass mein Nachmittagsunterricht am Montag sowie heute ausgefallen ist. Der Unterricht morgen wird aber nicht ausfallen. Daf\u00fcr m\u00fcssten gleich zwei Lehrer krank werden. Ich h\u00e4tte nichts gegen den Nachmittagsunterricht gehabt. Jetzt glaube ich, dass derjenige, der daf\u00fcr zust\u00e4ndig ist, mit dem Finger auf mich zeigt und lacht.<\/p>\n<p>Jetzt werde ich sozusagen ermutigt, dem Nachmittagsunterricht den R\u00fccken zu kehren. Ich habe aber Angst davor. es ist vollkommen klar, dass ich daf\u00fcr keine Befreiung vom Direktorat bekomme. Angeblich darf man nicht einmal zu Beerdigungen gehen, wenn man nicht vorher eines dieser Sterbebilder (hei\u00dfen die offiziell so?) vorzeigt. Als Beweis. Ich m\u00fcsste also krank spielen, was ich erstens nicht kann (fehlendes schauspielerisches Talent) und was zweitens etwas offensichtlich w\u00e4re. Mindestens f\u00fcnf Leutn habe ich von Anna erz\u00e4hlt, da kann ich doch nciht mehr unschuldig krank spielen. Das nehmen mir die doch nicht ab. Was mache ich, wenn mich jemand sieht? Die Nutzung der \u00f6ffentlichen Verkehrsmittel ist doch dann gef\u00e4hrlich.<\/p>\n<p>Anna sagt, wenn sie Gl\u00fcck hat, hat sie viellicht doch noch einen freien Tag, sie erf\u00e4hrt das Tagesprogramm aber auch immer erst am Tag davor. Dumme Sache. Wenn ich nur etwas mehr Schw\u00e4nzroutine h\u00e4tte..<\/p>\n","protected":false},"excerpt":{"rendered":"<p>Ich glaube jemand kann mich nicht leiden. Ich habe ja gesagt, dass eine Freundin von mir aus England morgen in M\u00fcnchen ist. Normalerweise h\u00e4tte ich da sch\u00f6n nach der Schule hinfahren k\u00f6nnen. Normalerweise h\u00e4tte ich um 14:45 Schluss gehabt, das ist seit Wochen so, da mein Physiklehrer seit Wochen krank ist Er h\u00e4tte erst nach [&hellip;]<\/p>\n","protected":false},"author":1,"featured_media":0,"comment_status":"open","ping_status":"open","sticky":false,"template":"","format":"standard","meta":[],"categories":[1],"tags":[],"_links":{"self":[{"href":"http:\/\/www.nina-jaeger.de\/blog\/index.php?rest_route=\/wp\/v2\/posts\/120"}],"collection":[{"href":"http:\/\/www.nina-jaeger.de\/blog\/index.php?rest_route=\/wp\/v2\/posts"}],"about":[{"href":"http:\/\/www.nina-jaeger.de\/blog\/index.php?rest_route=\/wp\/v2\/types\/post"}],"author":[{"embeddable":true,"href":"http:\/\/www.nina-jaeger.de\/blog\/index.php?rest_route=\/wp\/v2\/users\/1"}],"replies":[{"embeddable":true,"href":"http:\/\/www.nina-jaeger.de\/blog\/index.php?rest_route=%2Fwp%2Fv2%2Fcomments&post=120"}],"version-history":[{"count":0,"href":"http:\/\/www.nina-jaeger.de\/blog\/index.php?rest_route=\/wp\/v2\/posts\/120\/revisions"}],"wp:attachment":[{"href":"http:\/\/www.nina-jaeger.de\/blog\/index.php?rest_route=%2Fwp%2Fv2%2Fmedia&parent=120"}],"wp:term":[{"taxonomy":"category","embeddable":true,"href":"http:\/\/www.nina-jaeger.de\/blog\/index.php?rest_route=%2Fwp%2Fv2%2Fcategories&post=120"},{"taxonomy":"post_tag","embeddable":true,"href":"http:\/\/www.nina-jaeger.de\/blog\/index.php?rest_route=%2Fwp%2Fv2%2Ftags&post=120"}],"curies":[{"name":"wp","href":"https:\/\/api.w.org\/{rel}","templated":true}]}}