{"id":113,"date":"2007-03-12T19:55:02","date_gmt":"2007-03-12T17:55:02","guid":{"rendered":"http:\/\/www.nina-jaeger.de\/wordpress\/wordpress\/?p=113"},"modified":"2007-03-12T19:55:02","modified_gmt":"2007-03-12T17:55:02","slug":"klassenfoto-nachtrag","status":"publish","type":"post","link":"http:\/\/www.nina-jaeger.de\/blog\/?p=113","title":{"rendered":"Klassenfoto Nachtrag"},"content":{"rendered":"<p>Wir kamen mit unserer Mathelehrerin auf das Foto, die auch sch\u00f6n angezogen war. Die meisten Sch\u00fcler haben mitgemacht, aber bis zur Krawatte hat es nur einer geschafft.<\/p>\n<p>Das alternative Foto hat nicht geklappt. (&#8222;Nicht&#8220; gilt f\u00fcr meine hohen Anspr\u00fcche :-) ) Einverstanden w\u00e4ren die Sch\u00fcler gewesen, sogar, daf\u00fcr ihre Pause zu opfern. Bis dann in der zweiten Stunde die Durchsagen kamen, und einige Sch\u00fcler in\u00a0der Pause zu Besprechungen mussten. Diese ausfallen lassen wollten sie nicht, und ohne diese schicken Sch\u00fcler, w\u00e4re es auch doof gewesen. &#8222;Mach wir&#8217;s nach der Pause, vor Englisch&#8220;, haben die anderen gesagt, ich war da skeptisch. wir mussten dieses Jahr schon ein ganzen Klassenzimmer in wenigen Minuten abschm\u00fccken, weil mein Englischlehrer m\u00f6glicherweise gerne ganze 45 Minuten unterrichtet.\u00a0Skepsis war begr\u00fcndet, wir hatten &#8222;drei Minuten&#8220; f\u00fcr das Foto, was nat\u00fcrlich viel zu kurz war.\u00a0Ich wollte ja ein Poster und kein\u00a0Fotokabinenfoto. &#8222;Stellt euch auf die Tische&#8220; habe ich gesagt, sie haben sich hingesetzt.\u00a0Und sie wollten sitzen bleiben.\u00a0Ich w\u00e4re durchaus zu einem Vortrag f\u00e4hig gewesen um zu begr\u00fcnden, warum sie stehen m\u00fcssen, aber nicht in drei Minuten mit einem b\u00f6se schauenden Lehrer in meiner N\u00e4he. Wenigesten hatten wir zwei Regenschirme und sie haben ein bisschen gelacht, aber nicht in Posterqualit\u00e4t. (Auch zu erkl\u00e4ren, warum sie <em>nicht<\/em> in die Kamera schauen sollen, sind drei Minuten zu wenig.)\u00a0\u00a0<\/p>\n<p>Zweite Pause konnten wir nicht ins Klassenzimmer. F\u00fcnfte Stunde hatte zwar die H\u00e4lfte Religion\u00a0frei, die andere aber Unterricht. Sechste Stunde hatte zwar die H\u00e4lfte frei, die andere hatte aber Franz\u00f6sisch. Siebte Stunde hatte zwar der Gro\u00dfteil frei, einige waren aber im Chor oder Zuhause. Ob sie nicht fr\u00fcher zur achten kommen k\u00f6nnten, dann k\u00f6nnten wir noch auf der Treppe ein Foto machen. (Ich hatte zu diesem Zweck auch am Abend davor noch schnell einen langweiligen Backmischungskuchen gemacht. Zum Bestechen nicht begeisterter Sch\u00fcler. Der war aber schon nach der Religionsfreistunde zur H\u00e4lfte aufgegessen und dann war es auch schon egal.) Sie kamen aber nicht fr\u00fcher, sondern soga zu sp\u00e4t zu Italienisch. Danach w\u00e4re die letzte M\u00f6glichkeit gewesen, aber da war schon ein Gro\u00dfteil mit Jacke, m\u00fcde und nach Hause wollend verschwunden.<\/p>\n<p>Wirklich schade. Besonders, dass es nicht an den Sch\u00fclern, sondern an der Zeit gescheitert ist.<\/p>\n<p>Und dann jammern sie wieder, dass die Klamotten so sch\u00f6n sind, und dass man sich \u00f6fter so anziehend sollte. Ganz vorne sind da die, die nicht ganz erkannt haben, dass der Tag genau daf\u00fcr war. Aber gerne wieder. Nur fehlt es am Anlass, der letzte Schultag ist zu kurz und dieses Jahr sicher ein bisschen zu nass.<\/p>\n","protected":false},"excerpt":{"rendered":"<p>Wir kamen mit unserer Mathelehrerin auf das Foto, die auch sch\u00f6n angezogen war. Die meisten Sch\u00fcler haben mitgemacht, aber bis zur Krawatte hat es nur einer geschafft. Das alternative Foto hat nicht geklappt. (&#8222;Nicht&#8220; gilt f\u00fcr meine hohen Anspr\u00fcche :-) ) Einverstanden w\u00e4ren die Sch\u00fcler gewesen, sogar, daf\u00fcr ihre Pause zu opfern. Bis dann in [&hellip;]<\/p>\n","protected":false},"author":1,"featured_media":0,"comment_status":"open","ping_status":"open","sticky":false,"template":"","format":"standard","meta":[],"categories":[1],"tags":[],"_links":{"self":[{"href":"http:\/\/www.nina-jaeger.de\/blog\/index.php?rest_route=\/wp\/v2\/posts\/113"}],"collection":[{"href":"http:\/\/www.nina-jaeger.de\/blog\/index.php?rest_route=\/wp\/v2\/posts"}],"about":[{"href":"http:\/\/www.nina-jaeger.de\/blog\/index.php?rest_route=\/wp\/v2\/types\/post"}],"author":[{"embeddable":true,"href":"http:\/\/www.nina-jaeger.de\/blog\/index.php?rest_route=\/wp\/v2\/users\/1"}],"replies":[{"embeddable":true,"href":"http:\/\/www.nina-jaeger.de\/blog\/index.php?rest_route=%2Fwp%2Fv2%2Fcomments&post=113"}],"version-history":[{"count":0,"href":"http:\/\/www.nina-jaeger.de\/blog\/index.php?rest_route=\/wp\/v2\/posts\/113\/revisions"}],"wp:attachment":[{"href":"http:\/\/www.nina-jaeger.de\/blog\/index.php?rest_route=%2Fwp%2Fv2%2Fmedia&parent=113"}],"wp:term":[{"taxonomy":"category","embeddable":true,"href":"http:\/\/www.nina-jaeger.de\/blog\/index.php?rest_route=%2Fwp%2Fv2%2Fcategories&post=113"},{"taxonomy":"post_tag","embeddable":true,"href":"http:\/\/www.nina-jaeger.de\/blog\/index.php?rest_route=%2Fwp%2Fv2%2Ftags&post=113"}],"curies":[{"name":"wp","href":"https:\/\/api.w.org\/{rel}","templated":true}]}}