{"id":112,"date":"2007-03-07T00:07:11","date_gmt":"2007-03-06T22:07:11","guid":{"rendered":"http:\/\/www.nina-jaeger.de\/wordpress\/wordpress\/?p=112"},"modified":"2007-03-07T00:07:11","modified_gmt":"2007-03-06T22:07:11","slug":"112","status":"publish","type":"post","link":"http:\/\/www.nina-jaeger.de\/blog\/?p=112","title":{"rendered":"Cheeeeeese."},"content":{"rendered":"<p>Ich br\u00e4uchte ein Gummihuhn. Hat jemand ein Gummihuhn? Oder ein Jojo. Ich br\u00e4uchte ein Jojo.<\/p>\n<p>Manche Dinge machen sich selbstst\u00e4ndig. Ich hatte einmal ein Schuluniform, da meinten einige\u00a0nette Menschen, es w\u00e4re ja so lustig, wenn wir auf einem Klassenfoto alle Uniformen h\u00e4tten.\u00a0Wegen der Schwierigkeiten dabei, kamen wir darauf, dass es ja schon lustig genug sein w\u00fcrde, wenn wir alle schwarz-wei\u00df\u00a0angezogen w\u00e4ren.\u00a0Dann fing die eine oder andere an, von ihrem Abendkleid zu schw\u00e4rmen, bodenlang sei es und &#8222;<em>sooooo <\/em>geil&#8220;.\u00a0Geil im Sinne von sch\u00f6n nat\u00fcrlich. Na dann soll sie halt ihr Abendkleid anziehen, ich bin ja so wieso sehr neugierig was Abendkleider anderer Leute betrifft, und anders bekomme ich das nicht zu sehen. Jetzt sind wir dabei, dass es sehr lustig w\u00e4re, wenn wir uns alle schick anziehen w\u00fcrden. Das bedeutet Kleid, wer eins hat, sonst Rock, wer einen hat, sonst sch\u00f6ne Hose. Und f\u00fcr die Herren selbstverst\u00e4ndlich Krawatte.<\/p>\n<p>Bisher haben wir nur zwei Verweigerer (beide m\u00e4nnlich), dazu kommen noch ein paar passive Verweigerer. Die, die nicht mitmachen werden, aber nicht sagen, dass sie nicht mitmachen wollen. Aber die anderen haben ihren Spa\u00df.<\/p>\n<p>Ein paar Probleme haben wir noch. Problem Eins: Lehrer. Das Klassenfoto findet an einem Donnerstag statt. Da haben wir vormittags nur drei Stunden nicht geteilt. Es stehen also drei Lehrer zur Auswahl, die die Ehre haben k\u00f6nnten, mit uns auf&#8217;s Foto zu kommen und.. na ja. Ich habe mich ja schon letztes Jahr ge\u00e4rgert, dass wir nicht mit dem Klassenleiter aufs Foto kamen, obwohl wir ihn zwei Stunden am Fototag hatten. Es muss halt einfach die Klassenleitung sein. Das geh\u00f6rt so. Im perfekten Szenario kommt die Klassenleitung vor. Und zwar auch mit Krawatte. Das war schon letztes Schuljahr geplant, f\u00fcr denn Fall, dass die Klassenleitung krawattenkompatibel sein sollte. Das unfehlbare Lehrereinsch\u00e4tzungsverm\u00f6gen meiner Mitsch\u00fcler lie\u00df sie Anfang des Schuljahres \u00e4u\u00dfern, dass wir wohl mittelgro\u00dfen Gl\u00fcck hier gehabt h\u00e4tten. Jetzt ist es aber dummerweise so, dass der Stundenplan am Donnerstag sich nicht mit den Krawatten<span style=\"font-size: 11pt; font-family: Verdana; mso-fareast-font-family: 'Times New Roman'; mso-bidi-font-family: 'Times New Roman'; mso-ansi-language: DE; mso-fareast-language: DE; mso-bidi-language: AR-SA\">kompatibilit\u00e4t<\/span>sberechnungen vereinbaren l\u00e4sst.\u00a0Letztendlich und trotz Krawatten<span style=\"font-size: 11pt; font-family: Verdana; mso-fareast-font-family: 'Times New Roman'; mso-bidi-font-family: 'Times New Roman'; mso-ansi-language: DE; mso-fareast-language: DE; mso-bidi-language: AR-SA\">kompatibilit\u00e4t<\/span> w\u00e4re das ganze ja f\u00fcr alle Beteiligten freiwillig\u00a0und\u00a0ich wei\u00df nicht, ob es den drei zur Auswahl stehenden Lehrkr\u00e4ften so sehr gefallen w\u00fcrde. Es h\u00e4tte wohl wenig Sinn, unsere Geschichtslehrerin zu fragen, die hatten wir bisher erst zwei Stunden. Also zwei. Und es passt nicht ganz. Wogegen man nichts tun kann. Jetzt passt dann das Gesamtbild nicht.<\/p>\n<p>W\u00e4re auch zu sch\u00f6n gewesen. Andere Sache: Alternatives Klassenfoto. W\u00fcrde ich gerne machen. Am liebsten schwarz-wei\u00df und posterm\u00e4\u00dfig. Ich h\u00e4tte gerne die ganze Klasse, schick angezogen, auf Tischen stehen und <em>irgendetwas<\/em> machend. Wie so ein Wimmelbild. Das kann etwas langweiliges sein mit Schulzeug, Schulbuch lesen oder so, aber auch etwas Spannenderes. Ich h\u00e4tte gerne jemanden, der mit Obst jongliert, aber aus unserer Klasse kann das niemand. Vielleicht kann ich da endlich einmal einen Regenschirm einbauen.. oder ein Gummihuhn. Und ein Jojo. Es sieht aber schon wieder schwer durchsetzbar aus. Ich w\u00fcrde doch aber so gerne. Man hat dann lange keine gr\u00f6\u00dfere Gruppe von Menschen mehr, mit denen man so etwas machen <em>k\u00f6nnte<\/em>. (Viele lassen sich \u00fcberreden, weil wir doch seit der F\u00fcnften in eine Klasse gehen und es ist schlie\u00dflich unser letztes Foto.) Und\u00a0es w\u00e4re nat\u00fcrlich ungeheuer schick. In <em>mindestens <\/em>DIN A3. Mit wei\u00dfem Rand. Darunter vielleicht ein einzelnes Wort, h\u00f6chstens drei. Etwas elegantes, nichts mit &#8222;forever&#8220; (weil der Vorschlag kam). Vielleicht &#8222;eleven&#8220;. (Weil &#8222;elf&#8220;\u00a0zu kurz ist und &#8222;elfte&#8220; nicht elegant genug ist.) Ich bin offen f\u00fcr Vorschl\u00e4ge. :-) Vielleicht auch kein Wort.<\/p>\n<p>Es muss auch kein Gummihuhn da sein. Wenn es m\u00f6glich ist, dass man sich mit nur Tischen und St\u00fchlen spannend hinsetzt, dann auch gerne ganz ohne Kleinkram. Hauptsache nicht in einer Reihe, nicht aufgestellt nicht gerade und nicht klassenfotoisch. Vielleicht br\u00e4uchte man eine Treppe. Aber eine Treppe alleine ist auch schon fast wieder langweilig.<\/p>\n<p>Treppe und Gummihuhn?<\/p>\n<p>PS Was mich schon sehr lange st\u00f6rt: Warum gibt es kein Lehrergruppenfoto? Das ist h\u00f6chst unpraktisch. Wenn ich jemandem einen Lehrer zeigen will, dann muss ich den Jahresbericht suchen und hoffen, dass da eine Klasse mit dem Lehrer auf\u00a0ihrem Foto dabei ist. Dann ist es auch noch so dass, wie gesagt, auf den Fotos nicht immer die Klassenleiter drauf sind, folglich sind manche Lehrer dreimal im Jahresbericht, viele andere daf\u00fcr gar nicht. (Mir ist schon klar, dass es sich nicht anders regeln l\u00e4sst, aber es st\u00f6rt mich trotzdem. Und dieses Jahr w\u00e4re es sogar eine 4:1 Chance gewesen. Warum Donnerstag? Mist.) Ein ganz einfaches Lehrerfoto w\u00fcrde ja nicht so viel Arbeit sein. Vielleicht, wenn einmal alle anwasend und fr\u00f6hlich sind, also eher vor dem Betriebsausflug (und <em>nicht<\/em> bei Zeugniskonferenzen.) Man w\u00fcrde als Sch\u00fcler ja schon gerne einmal alle Lehrer auf einem Blick zusammenhaben. Alleine schon, um sich in drei\u00dfig Jahren die einmal anzuschauen. (Wenn man sich fr\u00fch genug eine Wer-ist-Wer-Liste schreibt) AMn kann das ja schlechtbei den Jahresberichten, weil der Lehrer, der dick als Klassenleiter unter dem Foto einer Klasse steht, oft gar nicht drauf ist. (Das war das letzte Mal. Versprochen.) Man br\u00e4chte nicht einmal St\u00fchle.<br \/>\n<a href=\"http:\/\/www.gymnasium-wolnzach.de\/Conseil\/frontend\/index.php?id=9\" target=\"_blank\">Beispielhaftes Beispiel<\/a>\u00a0Von Lenas Schule, die machen sogar zwei Lehrerfotos pro Jahr. (Auf dem ersten waren die Lehrer (noch) l\u00e4chelnder) Und es m\u00fcsste ja nciht ins Internet. Ich sogar einen stinknormalen* Abzug kaufen.<\/p>\n<p>* damit meine ich nicht kaputt<span style=\"font-size: 11pt; font-family: Verdana\">retuschiert. Die verwischte Haut und die lilanen Lippen auf den letzten Fotos sind n\u00e4mlich nicht sch\u00f6n.<\/span><\/p>\n","protected":false},"excerpt":{"rendered":"<p>Ich br\u00e4uchte ein Gummihuhn. Hat jemand ein Gummihuhn? Oder ein Jojo. Ich br\u00e4uchte ein Jojo. Manche Dinge machen sich selbstst\u00e4ndig. Ich hatte einmal ein Schuluniform, da meinten einige\u00a0nette Menschen, es w\u00e4re ja so lustig, wenn wir auf einem Klassenfoto alle Uniformen h\u00e4tten.\u00a0Wegen der Schwierigkeiten dabei, kamen wir darauf, dass es ja schon lustig genug sein [&hellip;]<\/p>\n","protected":false},"author":1,"featured_media":0,"comment_status":"open","ping_status":"open","sticky":false,"template":"","format":"standard","meta":[],"categories":[1],"tags":[],"_links":{"self":[{"href":"http:\/\/www.nina-jaeger.de\/blog\/index.php?rest_route=\/wp\/v2\/posts\/112"}],"collection":[{"href":"http:\/\/www.nina-jaeger.de\/blog\/index.php?rest_route=\/wp\/v2\/posts"}],"about":[{"href":"http:\/\/www.nina-jaeger.de\/blog\/index.php?rest_route=\/wp\/v2\/types\/post"}],"author":[{"embeddable":true,"href":"http:\/\/www.nina-jaeger.de\/blog\/index.php?rest_route=\/wp\/v2\/users\/1"}],"replies":[{"embeddable":true,"href":"http:\/\/www.nina-jaeger.de\/blog\/index.php?rest_route=%2Fwp%2Fv2%2Fcomments&post=112"}],"version-history":[{"count":0,"href":"http:\/\/www.nina-jaeger.de\/blog\/index.php?rest_route=\/wp\/v2\/posts\/112\/revisions"}],"wp:attachment":[{"href":"http:\/\/www.nina-jaeger.de\/blog\/index.php?rest_route=%2Fwp%2Fv2%2Fmedia&parent=112"}],"wp:term":[{"taxonomy":"category","embeddable":true,"href":"http:\/\/www.nina-jaeger.de\/blog\/index.php?rest_route=%2Fwp%2Fv2%2Fcategories&post=112"},{"taxonomy":"post_tag","embeddable":true,"href":"http:\/\/www.nina-jaeger.de\/blog\/index.php?rest_route=%2Fwp%2Fv2%2Ftags&post=112"}],"curies":[{"name":"wp","href":"https:\/\/api.w.org\/{rel}","templated":true}]}}