{"id":105,"date":"2007-02-12T00:25:54","date_gmt":"2007-02-11T22:25:54","guid":{"rendered":"http:\/\/www.nina-jaeger.de\/wordpress\/wordpress\/?p=105"},"modified":"2007-02-12T00:25:54","modified_gmt":"2007-02-11T22:25:54","slug":"von-leuten-die-freiwillig-in-die-staatsoper-gehen-2","status":"publish","type":"post","link":"http:\/\/www.nina-jaeger.de\/blog\/?p=105","title":{"rendered":"Von Leuten, die freiwillig in die Staatsoper gehen"},"content":{"rendered":"<p>Meine F\u00fc\u00dfe sind jetzt wieder warm. Als ich vorhin aus M\u00fcnchen zur\u00fcckgekommen bin, waren sie schon sehr kalt. Ich h\u00e4tte andere Schuhe anziehen sollen, welche mit dickeren Sohlen.<\/p>\n<p>Oder ich h\u00e4tte besser zuh\u00f6ren sollen. Zuhause war mir zwar schon bewusst, dass ich ins Ballett gehen sollte, weniger aber, dass ich vorher noch zwei Stunden durch M\u00fcnchen laufen muss. Es war n\u00e4mlich so, dass die Ballettkarten ein Geburtstagsgeschenk f\u00fcr zwei meiner Freunde waren. Wir haben zusammengelegt und ihnen den Eintritt gezahlt, zusammen mit unserem eigenen. Seit den Pl\u00e4nen f\u00fcr dieses Geschenk, und die wurden Anfang Dezember entworfen, durften wir das alle den Beschenkten nicht erz\u00e4hlen. Beide haben an ihren Geburtstagen, das waren der 2. und 3. Januar, nur Zettel bekommen mit Datum, Uhrzeit und &#8222;<em>Bitte Sch\u00f6n Anziehen&#8220;. <\/em>Dass vom Bahnhof bis zur Oper noch eine Schnitzeljagd f\u00fcr beide geplant war, wusste ich nciht. Ich hatte mich schon gewundert, warum ich schon um zwei an der\u00a0S-Bahn sein soll, wenn die Vorstellung erst um f\u00fcnf anf\u00e4ngt, aber nur sehr kurz. \u00a0<\/p>\n<p>Schnitzeljagd. Geplant von Zweien, die schon extra daf\u00fcr vormittags in die Stadt gefahren sind. Wir haben also: Zwei, die von nichts wissen, zwei, die alles wissen und vier Statisten, zu denen ich geh\u00f6re, die die H\u00e4lfte wissen. Allesamt sch\u00f6n angezogen und mit Schuhen, die vielleicht eher\u00a0nicht ganz so sehr zum Laufen geeignet sind. Es war nett. Wir sind am Stachus ausgestiegen, dann sind wir mit der Tram zwei Stationen gefahren und dann eine wieder zur\u00fcck.\u00a0Die Wissenden haben n\u00e4mlich keinerlei Kommentare abgegeben, nicht etwa &#8222;wollt ihr <em>wirklich<\/em> noch weiter fahren?&#8220;\u00a0oder so. Deshalb sind wir einfach zuweit gefahren, weil uns niemand zum aussteigen aufgefordert hat. ich wundere mich ja, wie wir \u00fcberhaupt lebendig bis zum Sendlinger Tor gekommen sind. Da standen wir dann an der Tramstation und haben auf weitere Instruktionen gewartet. Die Ahnunglosen waren v\u00f6llig \u00fcberfordert mit der Situation. Auf dem Zettel stand, sie sollten an den Namen der Station denken, worauf die alle Schilder der Station,\u00a0auf denen &#8222;Sendlinger Tor&#8220; stand, abgesucht haben, um dann heraus zu finden, dass es sich vermutlich um das Tor selbst handelt. Und das musste dann erst einmal <em>gesucht<\/em> werden. Ja, wo war es denn gleich noch einmal? Annabellas und meine Andeutungen und Bemerkungen zu dem sch\u00f6nen Tor, zuf\u00e4llig\u00a0direkt hinter uns, wurden einfach ignoriert. Tats\u00e4chlich standen wir also zehn Minuten an der Tramstation Sendlinger Tor und mussten zusehen, wie unsere Mitmenschen das Tor nicht fanden. Sie haben dann Touristen gefragt.\u00a0Danach sind wir im weiten bogen, dazwischen immer wieder Zettel, zur\u00a0Staatsoper gelaufen.\u00a0\u00a0<\/p>\n<p>Ich war da ja noch nie. Die in Wien habe ich einmal angeschaut, aber nur mit F\u00fchrung. Die meisten anderen waren letztes Jahr in Berlin in der Oper und haben immer sch\u00f6n alles verglichen, die Treppen, die St\u00fchle, die Farben. Und dann ahebn sie noch vor Weihnachten &#8222;Nathan der Weise&#8220; im Theater angeschaut (Soweit ich wei\u00df hatte ich an dem Tag keine Zeit. Ich glaube, das war ein Dienstag, und ich war bis f\u00fcnf\u00a0 Arebiten, oder so etwas.). Lalala. Ich rede doch so gerne mit wenn es um solche Dinge geht. Wenigstens habe ich bei der Handlung, &#8222;Romeo und Julia&#8220;, mich ein bisschen wichtig machen k\u00f6nnen.\u00a0Es beschleicht mich das Gef\u00fchl, dass ich so ziemlich die Einzige war, die Romeo gleich gefunden hat. Es w\u00e4re aber sehr schwer gewesen, wenn man die\u00a0Handlung nicht wirklich gekannt hatte. Die reden n\u00e4mlich nichts beim Ballett. Und sp\u00e4tenstens bei der Giftgeschichte am Ende h\u00e4tte man den Faden verloren. Vermutlich hat auch Romeo sich am Ende auch einfach\u00a0erstochen&#8230; weil Julias Gift schon so schlecht zu <strike>erkl\u00e4ren<\/strike> tanzen war.<\/p>\n<p>Ich bin ja schon gespannt, ob wir das jetzt \u00f6fter machen. Hoffentlich. Muss ja nicht immer Ballett sein.<\/p>\n","protected":false},"excerpt":{"rendered":"<p>Meine F\u00fc\u00dfe sind jetzt wieder warm. Als ich vorhin aus M\u00fcnchen zur\u00fcckgekommen bin, waren sie schon sehr kalt. Ich h\u00e4tte andere Schuhe anziehen sollen, welche mit dickeren Sohlen. Oder ich h\u00e4tte besser zuh\u00f6ren sollen. Zuhause war mir zwar schon bewusst, dass ich ins Ballett gehen sollte, weniger aber, dass ich vorher noch zwei Stunden durch [&hellip;]<\/p>\n","protected":false},"author":1,"featured_media":0,"comment_status":"open","ping_status":"open","sticky":false,"template":"","format":"standard","meta":[],"categories":[1],"tags":[],"_links":{"self":[{"href":"http:\/\/www.nina-jaeger.de\/blog\/index.php?rest_route=\/wp\/v2\/posts\/105"}],"collection":[{"href":"http:\/\/www.nina-jaeger.de\/blog\/index.php?rest_route=\/wp\/v2\/posts"}],"about":[{"href":"http:\/\/www.nina-jaeger.de\/blog\/index.php?rest_route=\/wp\/v2\/types\/post"}],"author":[{"embeddable":true,"href":"http:\/\/www.nina-jaeger.de\/blog\/index.php?rest_route=\/wp\/v2\/users\/1"}],"replies":[{"embeddable":true,"href":"http:\/\/www.nina-jaeger.de\/blog\/index.php?rest_route=%2Fwp%2Fv2%2Fcomments&post=105"}],"version-history":[{"count":0,"href":"http:\/\/www.nina-jaeger.de\/blog\/index.php?rest_route=\/wp\/v2\/posts\/105\/revisions"}],"wp:attachment":[{"href":"http:\/\/www.nina-jaeger.de\/blog\/index.php?rest_route=%2Fwp%2Fv2%2Fmedia&parent=105"}],"wp:term":[{"taxonomy":"category","embeddable":true,"href":"http:\/\/www.nina-jaeger.de\/blog\/index.php?rest_route=%2Fwp%2Fv2%2Fcategories&post=105"},{"taxonomy":"post_tag","embeddable":true,"href":"http:\/\/www.nina-jaeger.de\/blog\/index.php?rest_route=%2Fwp%2Fv2%2Ftags&post=105"}],"curies":[{"name":"wp","href":"https:\/\/api.w.org\/{rel}","templated":true}]}}